{"id":1059,"date":"2024-08-01T13:17:31","date_gmt":"2024-08-01T13:17:31","guid":{"rendered":"https:\/\/aguaribay.edu.ar\/escuela\/?p=1059"},"modified":"2025-03-14T20:39:32","modified_gmt":"2025-03-14T20:39:32","slug":"los-albores-del-crecimiento-y-la-expansion-las-primeras-nuevas-aulas-en-aguaribay","status":"publish","type":"post","link":"https:\/\/aguaribay.edu.ar\/escuela\/los-albores-del-crecimiento-y-la-expansion-las-primeras-nuevas-aulas-en-aguaribay\/","title":{"rendered":"Crecimiento y expansi\u00f3n con anhelo de futuro"},"content":{"rendered":"\n<p>Aguaribay es vida, es fuerza, es esperanza. Aguaribay es fruto de un constante movimiento y permanente transformaci\u00f3n, no s\u00f3lo de las personas que conforman esta comunidad sino de aquellas ideas, sue\u00f1os, prop\u00f3sitos que desde un esbozo et\u00e9rico y colectivo, toman cauce y son materializadas para resolver necesidades concretas.<br><br>Es este caso espec\u00edfico: nuevas aulas para albergar a m\u00e1s estudiantes.<br><br>Para Aguaribay no existen \u00abimposibles\u00bb, en estos a\u00f1os aprendi\u00f3 a buscarle la vuelta a cada desaf\u00edo, inclu\u00edda la pandemia, desarroll\u00f3 la capacidad de abrir puertas que estaban cerradas y de sostener y mantenerse en pie durante importantes momentos-visagras de su historia.<br><br>Y as\u00ed se unieron cuerpos y corazones decididos a concretar, a colaborar, trabajo comunitario y fraterno que comenz\u00f3 a pulsar, horas de compartires que enriquecieron y promovieron infinitos v\u00ednculos y encuentros.<br><br>Hoy, para acercarnos a esta historia, invitamos a un pap\u00e1, Leo, quien est\u00e1 con su familia desde los inicios de esta Escuela, y particip\u00f3 activamente de este proceso, a que nos cuente un poco m\u00e1s!<br><\/p>\n\n\n\n<p><strong>&#8211; \u00a1Buenos d\u00edas Leo! Gracias por estar aqu\u00ed compartiendonos desde tu vivencia la experiencia de haber sido parte de la concreci\u00f3n de estas primeras nuevas aulas.<br>Cont\u00e1nos: \u00bfCu\u00e1ndo surge esta necesidad de \u00abcrecer\u00bb espacialmente?<\/strong><br><br>&#8211; Buenos d\u00edas querida Aguaribay\u2026!<br><br>Les cuento un poco de lo que voy recordando! Este pulso de expansi\u00f3n viene de all\u00e1 por fines del a\u00f1o 2019. En aquel entonces cont\u00e1bamos con 67 estudiantes en total y continuaban sum\u00e1ndose familias, en un flujo natural de crecimiento constante. El espacio f\u00edsico de aulas era claramente poco, la necesidad de ampliarnos urg\u00eda y se hizo presente.&nbsp;<\/p>\n\n\n\n<p>El edificio de la Escuela Aguaribay,&nbsp; predio donde funcionamos actualmente, nos hab\u00eda quedado \u00abchico\u00bb para ese entonces. \u00c9ste constaba de unos 335 m2 con unas seis habitaciones, tres ba\u00f1os, una cocina y un despacho de gesti\u00f3n. Adem\u00e1s, un patio de 5000 m2, aproximadamente con gran jard\u00edn y una a\u00f1osa arboleda, que nos inspiraba y abr\u00eda el abanico de posibilidades para emprender este nuevo viaje.<br><br><\/p>\n\n\n\n<figure class=\"wp-block-image size-large\"><a href=\"https:\/\/aguaribay.edu.ar\/escuela\/wp-content\/uploads\/2024\/08\/Captura-de-Pantalla-2024-08-01-a-las-09.33.44.png\"><img fetchpriority=\"high\" decoding=\"async\" width=\"1024\" height=\"771\" src=\"https:\/\/aguaribay.edu.ar\/escuela\/wp-content\/uploads\/2024\/08\/Captura-de-Pantalla-2024-08-01-a-las-09.33.44-1024x771.png\" alt=\"\" class=\"wp-image-1068\" srcset=\"https:\/\/aguaribay.edu.ar\/escuela\/wp-content\/uploads\/2024\/08\/Captura-de-Pantalla-2024-08-01-a-las-09.33.44-1024x771.png 1024w, https:\/\/aguaribay.edu.ar\/escuela\/wp-content\/uploads\/2024\/08\/Captura-de-Pantalla-2024-08-01-a-las-09.33.44-300x226.png 300w, https:\/\/aguaribay.edu.ar\/escuela\/wp-content\/uploads\/2024\/08\/Captura-de-Pantalla-2024-08-01-a-las-09.33.44-768x578.png 768w, https:\/\/aguaribay.edu.ar\/escuela\/wp-content\/uploads\/2024\/08\/Captura-de-Pantalla-2024-08-01-a-las-09.33.44.png 1472w\" sizes=\"(max-width: 1024px) 100vw, 1024px\" \/><\/a><\/figure>\n\n\n\n<p><strong>&#8211; \u00bfC\u00f3mo fue ese momento de la acci\u00f3n, de dar el primer paso?\u00bfc\u00f3mo arrancaron? \u00bfrecibieron ayuda para llevarla adelante?<\/strong><br><strong><br>&#8211;<\/strong> Recuerdo que nos pusimos en b\u00fasqueda de fondos, financiamiento, donaciones para construir nuevas salas y, gratamente, a fines de 2019 logramos conseguir una donaci\u00f3n muy significativa a la que luego, en el transcurso del proceso constructivo, se fueron sumando varias m\u00e1s que, hicieron posible la construcci\u00f3n de las tan anheladas aulas para nuestros grupos de primero y segundo grado que ya eran para el a\u00f1o 2021,&nbsp; alrededor de 20 estudiantes en cada sala. No era posible comenzar en el edificio anterior. La construcci\u00f3n de las aulas cost\u00f3 alrededor de 30.000 USD de los cuales, la donaci\u00f3n m\u00e1s importante fue la de la Asociaci\u00f3n Freunde Waldorf representando un 30% del monto, luego la donaci\u00f3n de paneles aislantes para construcci\u00f3n de techos y muros de la empresa local Friolatina que represent\u00f3 un 20% del valor de la obra. Hubo tambi\u00e9n, aporte de otras empresas como Electec con materiales el\u00e9ctricos, Energe con la climatizaci\u00f3n solar de las salas y fundamentalmente, el aporte de la comunidad en materiales y mano de obra para la realizaci\u00f3n de la construcci\u00f3n. El trabajo de construcci\u00f3n comenz\u00f3 en noviembre de 2019, luego tuvo que hacerse en el marco de las restricciones de circulaci\u00f3n que impon\u00eda el contexto de la pandemia de COVID durante el&nbsp; 2020, pero a\u00fan as\u00ed logramos finalizar la obra para julio de 2021.&nbsp;<\/p>\n\n\n\n<p>Comenzando el 2022 ya cont\u00e1bamos con 104 estudiantes. Hoy somos 142.<\/p>\n\n\n\n<figure class=\"wp-block-image size-large\"><a href=\"https:\/\/aguaribay.edu.ar\/escuela\/wp-content\/uploads\/2024\/08\/Captura-de-Pantalla-2024-08-01-a-las-09.34.12.png\"><img decoding=\"async\" width=\"1024\" height=\"770\" src=\"https:\/\/aguaribay.edu.ar\/escuela\/wp-content\/uploads\/2024\/08\/Captura-de-Pantalla-2024-08-01-a-las-09.34.12-1024x770.png\" alt=\"\" class=\"wp-image-1069\" srcset=\"https:\/\/aguaribay.edu.ar\/escuela\/wp-content\/uploads\/2024\/08\/Captura-de-Pantalla-2024-08-01-a-las-09.34.12-1024x770.png 1024w, https:\/\/aguaribay.edu.ar\/escuela\/wp-content\/uploads\/2024\/08\/Captura-de-Pantalla-2024-08-01-a-las-09.34.12-300x226.png 300w, https:\/\/aguaribay.edu.ar\/escuela\/wp-content\/uploads\/2024\/08\/Captura-de-Pantalla-2024-08-01-a-las-09.34.12-768x578.png 768w, https:\/\/aguaribay.edu.ar\/escuela\/wp-content\/uploads\/2024\/08\/Captura-de-Pantalla-2024-08-01-a-las-09.34.12.png 1476w\" sizes=\"(max-width: 1024px) 100vw, 1024px\" \/><\/a><\/figure>\n\n\n\n<p><\/p>\n\n\n\n<p><strong>&#8211; \u00a1Qu\u00e9 desaf\u00edo! Y la construcci\u00f3n: \u00bfla llevaron adelante ustedes? \u00bfc\u00f3mo se organizaron?<\/strong><br><br>&#8211; As\u00ed es! La comunidad de madres y padres est\u00e1 formada por familias j\u00f3venes en busca de nuevos paradigmas educativos y de crianza que promueva el desarrollo de la ni\u00f1ez, como seres humanos completos y plenos y puedan establecerse formas de relacionarse m\u00e1s sanas, emp\u00e1ticas y de apoyo entre las familias as\u00ed como con el Ambiente natural.<\/p>\n\n\n\n<p>Nos organizamos en comisiones de trabajo para sostener la escuela: Infraestructura y Mantenimiento, Comunicaci\u00f3n, Eventos, Econom\u00eda y Gesti\u00f3n y, debido a dificultades econ\u00f3micas, hemos agregado un espacio de Proyectos Productivos.<\/p>\n\n\n\n<p><\/p>\n\n\n\n<figure class=\"wp-block-image size-large\"><a href=\"https:\/\/aguaribay.edu.ar\/escuela\/wp-content\/uploads\/2024\/08\/Captura-de-Pantalla-2024-08-01-a-las-09.47.30.png\"><img decoding=\"async\" width=\"1024\" height=\"571\" src=\"https:\/\/aguaribay.edu.ar\/escuela\/wp-content\/uploads\/2024\/08\/Captura-de-Pantalla-2024-08-01-a-las-09.47.30-1024x571.png\" alt=\"\" class=\"wp-image-1065\" srcset=\"https:\/\/aguaribay.edu.ar\/escuela\/wp-content\/uploads\/2024\/08\/Captura-de-Pantalla-2024-08-01-a-las-09.47.30-1024x571.png 1024w, https:\/\/aguaribay.edu.ar\/escuela\/wp-content\/uploads\/2024\/08\/Captura-de-Pantalla-2024-08-01-a-las-09.47.30-300x167.png 300w, https:\/\/aguaribay.edu.ar\/escuela\/wp-content\/uploads\/2024\/08\/Captura-de-Pantalla-2024-08-01-a-las-09.47.30-768x428.png 768w, https:\/\/aguaribay.edu.ar\/escuela\/wp-content\/uploads\/2024\/08\/Captura-de-Pantalla-2024-08-01-a-las-09.47.30.png 1420w\" sizes=\"(max-width: 1024px) 100vw, 1024px\" \/><\/a><\/figure>\n\n\n\n<p><strong>&#8211; Qu\u00e9 bonito debe haber sido para cada estudiante y docente recibir no s\u00f3lo las nuevas aulas, sino todo el cari\u00f1o y trabajo que le pusieron. \u00bfRecord\u00e1s c\u00f3mo fue ese momento en el que las recibieron?<\/strong><br><br>&#8211; Mmmm, si si. Mediados del 2021\u2026 felizmente terminadas fueron muy bien recibidas por ni\u00f1os y ni\u00f1as ya que pudieron realizar sus actividades diarias sin problemas de espacio, con buena iluminaci\u00f3n y ventilaci\u00f3n, que hab\u00edan sido importantes requisitos a lograr.<br><br>Ese encuentro fue un momento muy especial en el que se mostraron muy felices y con mucha emoci\u00f3n de habitar junto con el equipo docente estos nuevos espacios llen\u00e1ndolos de luz, color, movimiento y grandes experiencias y vivencias transcurridas.<br><br>Materiales nobles como la madera que usamos casi en su totalidad, sumaron un plus de calidez y cobijo, \u00fanicos para estos grados.<br><br><strong>&#8211; \u00bfC\u00f3mo viviste vos el proceso como padre que particip\u00f3?<br><\/strong><br>&#8211; Con mucho entusiasmo e \u00edmpetu. Un proceso que atraves\u00f3 a la familia entera, compartir domingos y s\u00e1bados en contexto de pandemia era una oportunidad de encuentro social muy comprometido, con los riesgos que eso significaba, pero con gran convicci\u00f3n, optimismo y esperanza.<br><br><strong>&#8211; \u00bfCon estas aulas cubrieron las necesidades de espacio que ten\u00edan?<br><\/strong><br>&#8211; En ese momento si! Pero luego hemos seguido creciendo y lo seguimos haciendo cada d\u00eda, por lo que hemos tenido que seguir construyendo \u2026a\u00f1os posteriores edificamos 2 salas m\u00e1s, que hoy corresponden a 2\u00ba y 6\u00ba. Y este a\u00f1o, est\u00e1 en creaci\u00f3n un aula domo, esperemos que ya sea la \u00faltima! jaja<strong><br><\/strong><\/p>\n\n\n\n<figure class=\"wp-block-image size-large\"><a href=\"https:\/\/aguaribay.edu.ar\/escuela\/wp-content\/uploads\/2024\/08\/Captura-de-Pantalla-2024-08-01-a-las-09.48.17.png\"><img loading=\"lazy\" decoding=\"async\" width=\"1024\" height=\"574\" src=\"https:\/\/aguaribay.edu.ar\/escuela\/wp-content\/uploads\/2024\/08\/Captura-de-Pantalla-2024-08-01-a-las-09.48.17-1024x574.png\" alt=\"\" class=\"wp-image-1067\" srcset=\"https:\/\/aguaribay.edu.ar\/escuela\/wp-content\/uploads\/2024\/08\/Captura-de-Pantalla-2024-08-01-a-las-09.48.17-1024x574.png 1024w, https:\/\/aguaribay.edu.ar\/escuela\/wp-content\/uploads\/2024\/08\/Captura-de-Pantalla-2024-08-01-a-las-09.48.17-300x168.png 300w, https:\/\/aguaribay.edu.ar\/escuela\/wp-content\/uploads\/2024\/08\/Captura-de-Pantalla-2024-08-01-a-las-09.48.17-768x430.png 768w, https:\/\/aguaribay.edu.ar\/escuela\/wp-content\/uploads\/2024\/08\/Captura-de-Pantalla-2024-08-01-a-las-09.48.17-1536x860.png 1536w, https:\/\/aguaribay.edu.ar\/escuela\/wp-content\/uploads\/2024\/08\/Captura-de-Pantalla-2024-08-01-a-las-09.48.17.png 1978w\" sizes=\"(max-width: 1024px) 100vw, 1024px\" \/><\/a><\/figure>\n\n\n\n<figure class=\"wp-block-image size-large\"><a href=\"https:\/\/aguaribay.edu.ar\/escuela\/wp-content\/uploads\/2024\/08\/Captura-de-Pantalla-2024-08-01-a-las-09.35.25.png\"><img loading=\"lazy\" decoding=\"async\" width=\"1024\" height=\"574\" src=\"https:\/\/aguaribay.edu.ar\/escuela\/wp-content\/uploads\/2024\/08\/Captura-de-Pantalla-2024-08-01-a-las-09.35.25-1024x574.png\" alt=\"\" class=\"wp-image-1060\" srcset=\"https:\/\/aguaribay.edu.ar\/escuela\/wp-content\/uploads\/2024\/08\/Captura-de-Pantalla-2024-08-01-a-las-09.35.25-1024x574.png 1024w, https:\/\/aguaribay.edu.ar\/escuela\/wp-content\/uploads\/2024\/08\/Captura-de-Pantalla-2024-08-01-a-las-09.35.25-300x168.png 300w, https:\/\/aguaribay.edu.ar\/escuela\/wp-content\/uploads\/2024\/08\/Captura-de-Pantalla-2024-08-01-a-las-09.35.25-768x431.png 768w, https:\/\/aguaribay.edu.ar\/escuela\/wp-content\/uploads\/2024\/08\/Captura-de-Pantalla-2024-08-01-a-las-09.35.25-1536x861.png 1536w, https:\/\/aguaribay.edu.ar\/escuela\/wp-content\/uploads\/2024\/08\/Captura-de-Pantalla-2024-08-01-a-las-09.35.25.png 1976w\" sizes=\"(max-width: 1024px) 100vw, 1024px\" \/><\/a><\/figure>\n\n\n\n<p><strong>&#8211; Por \u00faltimo: \u00bfquisieras agradecer a alguien o contar algo m\u00e1s de la experiencia?<\/strong><br><br>&#8211; Si! Me gustar\u00eda agradecer enormemente a la Freunde der Erziehungskunst Rudolf Steiners por su acompa\u00f1amiento y colaboraci\u00f3n para hacer realidad este hermoso proyecto y parte de los que continuaron a futuro. Al cuerpo docente de Aguaribay, que d\u00eda a d\u00eda&nbsp; construye con la ni\u00f1ez la escuela, a la Federaci\u00f3n Redes de Escuelas Waldorf&nbsp; Argentina que acompa\u00f1\u00f3 nuestro desempe\u00f1o\u2026hoy somos referentes de Cuyo y cobijamos en nuestra escuela la formaci\u00f3n en pedag\u00f3gica Waldorf C\u00f3rdoba sede Mendoza. A cada integrante de este gran organismo comunitario por hacerlo posible, hoy somos escuela gracias a todas y a cada una de las personas que hacemos y apoyamos a Aguaribay, GRAN \u00e1rbol!<strong><br><br>\u00a1Agradecemos tu compartir Leo!<\/strong><\/p>\n","protected":false},"excerpt":{"rendered":"<p>Desaf\u00edos y gestiones que se transitaron en los albores de la escuela Aguaribay, para llevar adelante el proyecto de crecer espacialmente y as\u00ed poder albergar a mayor cantidad de ni\u00f1eces.<\/p>\n","protected":false},"author":5,"featured_media":1080,"comment_status":"open","ping_status":"open","sticky":false,"template":"","format":"standard","meta":{"_acf_changed":false,"footnotes":""},"categories":[1],"tags":[],"class_list":["post-1059","post","type-post","status-publish","format-standard","has-post-thumbnail","hentry","category-sin-categoria"],"acf":[],"yoast_head":"<!-- This site is optimized with the Yoast SEO plugin v27.0 - https:\/\/yoast.com\/product\/yoast-seo-wordpress\/ -->\n<title>Crecimiento y expansi\u00f3n con anhelo de futuro - Escuela Aguaribay<\/title>\n<meta name=\"robots\" content=\"index, follow, max-snippet:-1, max-image-preview:large, max-video-preview:-1\" \/>\n<link rel=\"canonical\" href=\"https:\/\/aguaribay.edu.ar\/escuela\/los-albores-del-crecimiento-y-la-expansion-las-primeras-nuevas-aulas-en-aguaribay\/\" \/>\n<meta property=\"og:locale\" content=\"es_ES\" \/>\n<meta property=\"og:type\" content=\"article\" \/>\n<meta property=\"og:title\" content=\"Crecimiento y expansi\u00f3n con anhelo de futuro - Escuela Aguaribay\" \/>\n<meta property=\"og:description\" content=\"Desaf\u00edos y gestiones que se transitaron en los albores de la escuela Aguaribay, para llevar adelante el proyecto de crecer espacialmente y as\u00ed poder albergar a mayor cantidad de ni\u00f1eces.\" \/>\n<meta property=\"og:url\" content=\"https:\/\/aguaribay.edu.ar\/escuela\/los-albores-del-crecimiento-y-la-expansion-las-primeras-nuevas-aulas-en-aguaribay\/\" \/>\n<meta property=\"og:site_name\" content=\"Escuela Aguaribay\" \/>\n<meta property=\"article:published_time\" content=\"2024-08-01T13:17:31+00:00\" \/>\n<meta property=\"article:modified_time\" content=\"2025-03-14T20:39:32+00:00\" \/>\n<meta property=\"og:image\" content=\"https:\/\/aguaribay.edu.ar\/escuela\/wp-content\/uploads\/2024\/08\/Captura-de-Pantalla-2024-08-01-a-las-09.48.01-copia.jpg\" \/>\n\t<meta property=\"og:image:width\" content=\"1970\" \/>\n\t<meta property=\"og:image:height\" content=\"1106\" \/>\n\t<meta property=\"og:image:type\" content=\"image\/jpeg\" \/>\n<meta name=\"author\" content=\"Carla Campoy\" \/>\n<meta name=\"twitter:card\" content=\"summary_large_image\" \/>\n<meta name=\"twitter:label1\" content=\"Escrito por\" \/>\n\t<meta name=\"twitter:data1\" content=\"Carla Campoy\" \/>\n\t<meta name=\"twitter:label2\" content=\"Tiempo de lectura\" \/>\n\t<meta name=\"twitter:data2\" content=\"6 minutos\" \/>\n<script type=\"application\/ld+json\" class=\"yoast-schema-graph\">{\"@context\":\"https:\/\/schema.org\",\"@graph\":[{\"@type\":\"Article\",\"@id\":\"https:\/\/aguaribay.edu.ar\/escuela\/los-albores-del-crecimiento-y-la-expansion-las-primeras-nuevas-aulas-en-aguaribay\/#article\",\"isPartOf\":{\"@id\":\"https:\/\/aguaribay.edu.ar\/escuela\/los-albores-del-crecimiento-y-la-expansion-las-primeras-nuevas-aulas-en-aguaribay\/\"},\"author\":{\"name\":\"Carla Campoy\",\"@id\":\"https:\/\/aguaribay.edu.ar\/escuela\/#\/schema\/person\/d020fdd7af423e10f48e60c542f188d9\"},\"headline\":\"Crecimiento y expansi\u00f3n con anhelo de futuro\",\"datePublished\":\"2024-08-01T13:17:31+00:00\",\"dateModified\":\"2025-03-14T20:39:32+00:00\",\"mainEntityOfPage\":{\"@id\":\"https:\/\/aguaribay.edu.ar\/escuela\/los-albores-del-crecimiento-y-la-expansion-las-primeras-nuevas-aulas-en-aguaribay\/\"},\"wordCount\":1150,\"commentCount\":0,\"publisher\":{\"@id\":\"https:\/\/aguaribay.edu.ar\/escuela\/#organization\"},\"image\":{\"@id\":\"https:\/\/aguaribay.edu.ar\/escuela\/los-albores-del-crecimiento-y-la-expansion-las-primeras-nuevas-aulas-en-aguaribay\/#primaryimage\"},\"thumbnailUrl\":\"https:\/\/aguaribay.edu.ar\/escuela\/wp-content\/uploads\/2024\/08\/Captura-de-Pantalla-2024-08-01-a-las-09.48.01-copia.jpg\",\"inLanguage\":\"es\",\"potentialAction\":[{\"@type\":\"CommentAction\",\"name\":\"Comment\",\"target\":[\"https:\/\/aguaribay.edu.ar\/escuela\/los-albores-del-crecimiento-y-la-expansion-las-primeras-nuevas-aulas-en-aguaribay\/#respond\"]}]},{\"@type\":\"WebPage\",\"@id\":\"https:\/\/aguaribay.edu.ar\/escuela\/los-albores-del-crecimiento-y-la-expansion-las-primeras-nuevas-aulas-en-aguaribay\/\",\"url\":\"https:\/\/aguaribay.edu.ar\/escuela\/los-albores-del-crecimiento-y-la-expansion-las-primeras-nuevas-aulas-en-aguaribay\/\",\"name\":\"Crecimiento y expansi\u00f3n con anhelo de futuro - Escuela Aguaribay\",\"isPartOf\":{\"@id\":\"https:\/\/aguaribay.edu.ar\/escuela\/#website\"},\"primaryImageOfPage\":{\"@id\":\"https:\/\/aguaribay.edu.ar\/escuela\/los-albores-del-crecimiento-y-la-expansion-las-primeras-nuevas-aulas-en-aguaribay\/#primaryimage\"},\"image\":{\"@id\":\"https:\/\/aguaribay.edu.ar\/escuela\/los-albores-del-crecimiento-y-la-expansion-las-primeras-nuevas-aulas-en-aguaribay\/#primaryimage\"},\"thumbnailUrl\":\"https:\/\/aguaribay.edu.ar\/escuela\/wp-content\/uploads\/2024\/08\/Captura-de-Pantalla-2024-08-01-a-las-09.48.01-copia.jpg\",\"datePublished\":\"2024-08-01T13:17:31+00:00\",\"dateModified\":\"2025-03-14T20:39:32+00:00\",\"inLanguage\":\"es\",\"potentialAction\":[{\"@type\":\"ReadAction\",\"target\":[\"https:\/\/aguaribay.edu.ar\/escuela\/los-albores-del-crecimiento-y-la-expansion-las-primeras-nuevas-aulas-en-aguaribay\/\"]}]},{\"@type\":\"ImageObject\",\"inLanguage\":\"es\",\"@id\":\"https:\/\/aguaribay.edu.ar\/escuela\/los-albores-del-crecimiento-y-la-expansion-las-primeras-nuevas-aulas-en-aguaribay\/#primaryimage\",\"url\":\"https:\/\/aguaribay.edu.ar\/escuela\/wp-content\/uploads\/2024\/08\/Captura-de-Pantalla-2024-08-01-a-las-09.48.01-copia.jpg\",\"contentUrl\":\"https:\/\/aguaribay.edu.ar\/escuela\/wp-content\/uploads\/2024\/08\/Captura-de-Pantalla-2024-08-01-a-las-09.48.01-copia.jpg\",\"width\":1970,\"height\":1106,\"caption\":\"Screenshot\"},{\"@type\":\"WebSite\",\"@id\":\"https:\/\/aguaribay.edu.ar\/escuela\/#website\",\"url\":\"https:\/\/aguaribay.edu.ar\/escuela\/\",\"name\":\"Escuela Aguaribay\",\"description\":\"Sitio institucional Escuela Aguaribay\",\"publisher\":{\"@id\":\"https:\/\/aguaribay.edu.ar\/escuela\/#organization\"},\"potentialAction\":[{\"@type\":\"SearchAction\",\"target\":{\"@type\":\"EntryPoint\",\"urlTemplate\":\"https:\/\/aguaribay.edu.ar\/escuela\/?s={search_term_string}\"},\"query-input\":{\"@type\":\"PropertyValueSpecification\",\"valueRequired\":true,\"valueName\":\"search_term_string\"}}],\"inLanguage\":\"es\"},{\"@type\":\"Organization\",\"@id\":\"https:\/\/aguaribay.edu.ar\/escuela\/#organization\",\"name\":\"Escuela Aguaribay\",\"url\":\"https:\/\/aguaribay.edu.ar\/escuela\/\",\"logo\":{\"@type\":\"ImageObject\",\"inLanguage\":\"es\",\"@id\":\"https:\/\/aguaribay.edu.ar\/escuela\/#\/schema\/logo\/image\/\",\"url\":\"https:\/\/aguaribay.edu.ar\/escuela\/wp-content\/uploads\/2023\/09\/Logo-aguaribay.png\",\"contentUrl\":\"https:\/\/aguaribay.edu.ar\/escuela\/wp-content\/uploads\/2023\/09\/Logo-aguaribay.png\",\"width\":500,\"height\":500,\"caption\":\"Escuela Aguaribay\"},\"image\":{\"@id\":\"https:\/\/aguaribay.edu.ar\/escuela\/#\/schema\/logo\/image\/\"},\"sameAs\":[\"https:\/\/www.instagram.com\/escuela_aguaribay\/?hl=es-la\"]},{\"@type\":\"Person\",\"@id\":\"https:\/\/aguaribay.edu.ar\/escuela\/#\/schema\/person\/d020fdd7af423e10f48e60c542f188d9\",\"name\":\"Carla Campoy\",\"image\":{\"@type\":\"ImageObject\",\"inLanguage\":\"es\",\"@id\":\"https:\/\/aguaribay.edu.ar\/escuela\/#\/schema\/person\/image\/\",\"url\":\"https:\/\/secure.gravatar.com\/avatar\/a64fd4713d754287ea42d22f7a8a1332a8687975f7bcade47beeee26adf3baeb?s=96&d=mm&r=g\",\"contentUrl\":\"https:\/\/secure.gravatar.com\/avatar\/a64fd4713d754287ea42d22f7a8a1332a8687975f7bcade47beeee26adf3baeb?s=96&d=mm&r=g\",\"caption\":\"Carla Campoy\"},\"url\":\"https:\/\/aguaribay.edu.ar\/escuela\/author\/carla\/\"}]}<\/script>\n<!-- \/ Yoast SEO plugin. -->","yoast_head_json":{"title":"Crecimiento y expansi\u00f3n con anhelo de futuro - Escuela Aguaribay","robots":{"index":"index","follow":"follow","max-snippet":"max-snippet:-1","max-image-preview":"max-image-preview:large","max-video-preview":"max-video-preview:-1"},"canonical":"https:\/\/aguaribay.edu.ar\/escuela\/los-albores-del-crecimiento-y-la-expansion-las-primeras-nuevas-aulas-en-aguaribay\/","og_locale":"es_ES","og_type":"article","og_title":"Crecimiento y expansi\u00f3n con anhelo de futuro - Escuela Aguaribay","og_description":"Desaf\u00edos y gestiones que se transitaron en los albores de la escuela Aguaribay, para llevar adelante el proyecto de crecer espacialmente y as\u00ed poder albergar a mayor cantidad de ni\u00f1eces.","og_url":"https:\/\/aguaribay.edu.ar\/escuela\/los-albores-del-crecimiento-y-la-expansion-las-primeras-nuevas-aulas-en-aguaribay\/","og_site_name":"Escuela Aguaribay","article_published_time":"2024-08-01T13:17:31+00:00","article_modified_time":"2025-03-14T20:39:32+00:00","og_image":[{"width":1970,"height":1106,"url":"https:\/\/aguaribay.edu.ar\/escuela\/wp-content\/uploads\/2024\/08\/Captura-de-Pantalla-2024-08-01-a-las-09.48.01-copia.jpg","type":"image\/jpeg"}],"author":"Carla Campoy","twitter_card":"summary_large_image","twitter_misc":{"Escrito por":"Carla Campoy","Tiempo de lectura":"6 minutos"},"schema":{"@context":"https:\/\/schema.org","@graph":[{"@type":"Article","@id":"https:\/\/aguaribay.edu.ar\/escuela\/los-albores-del-crecimiento-y-la-expansion-las-primeras-nuevas-aulas-en-aguaribay\/#article","isPartOf":{"@id":"https:\/\/aguaribay.edu.ar\/escuela\/los-albores-del-crecimiento-y-la-expansion-las-primeras-nuevas-aulas-en-aguaribay\/"},"author":{"name":"Carla Campoy","@id":"https:\/\/aguaribay.edu.ar\/escuela\/#\/schema\/person\/d020fdd7af423e10f48e60c542f188d9"},"headline":"Crecimiento y expansi\u00f3n con anhelo de futuro","datePublished":"2024-08-01T13:17:31+00:00","dateModified":"2025-03-14T20:39:32+00:00","mainEntityOfPage":{"@id":"https:\/\/aguaribay.edu.ar\/escuela\/los-albores-del-crecimiento-y-la-expansion-las-primeras-nuevas-aulas-en-aguaribay\/"},"wordCount":1150,"commentCount":0,"publisher":{"@id":"https:\/\/aguaribay.edu.ar\/escuela\/#organization"},"image":{"@id":"https:\/\/aguaribay.edu.ar\/escuela\/los-albores-del-crecimiento-y-la-expansion-las-primeras-nuevas-aulas-en-aguaribay\/#primaryimage"},"thumbnailUrl":"https:\/\/aguaribay.edu.ar\/escuela\/wp-content\/uploads\/2024\/08\/Captura-de-Pantalla-2024-08-01-a-las-09.48.01-copia.jpg","inLanguage":"es","potentialAction":[{"@type":"CommentAction","name":"Comment","target":["https:\/\/aguaribay.edu.ar\/escuela\/los-albores-del-crecimiento-y-la-expansion-las-primeras-nuevas-aulas-en-aguaribay\/#respond"]}]},{"@type":"WebPage","@id":"https:\/\/aguaribay.edu.ar\/escuela\/los-albores-del-crecimiento-y-la-expansion-las-primeras-nuevas-aulas-en-aguaribay\/","url":"https:\/\/aguaribay.edu.ar\/escuela\/los-albores-del-crecimiento-y-la-expansion-las-primeras-nuevas-aulas-en-aguaribay\/","name":"Crecimiento y expansi\u00f3n con anhelo de futuro - Escuela Aguaribay","isPartOf":{"@id":"https:\/\/aguaribay.edu.ar\/escuela\/#website"},"primaryImageOfPage":{"@id":"https:\/\/aguaribay.edu.ar\/escuela\/los-albores-del-crecimiento-y-la-expansion-las-primeras-nuevas-aulas-en-aguaribay\/#primaryimage"},"image":{"@id":"https:\/\/aguaribay.edu.ar\/escuela\/los-albores-del-crecimiento-y-la-expansion-las-primeras-nuevas-aulas-en-aguaribay\/#primaryimage"},"thumbnailUrl":"https:\/\/aguaribay.edu.ar\/escuela\/wp-content\/uploads\/2024\/08\/Captura-de-Pantalla-2024-08-01-a-las-09.48.01-copia.jpg","datePublished":"2024-08-01T13:17:31+00:00","dateModified":"2025-03-14T20:39:32+00:00","inLanguage":"es","potentialAction":[{"@type":"ReadAction","target":["https:\/\/aguaribay.edu.ar\/escuela\/los-albores-del-crecimiento-y-la-expansion-las-primeras-nuevas-aulas-en-aguaribay\/"]}]},{"@type":"ImageObject","inLanguage":"es","@id":"https:\/\/aguaribay.edu.ar\/escuela\/los-albores-del-crecimiento-y-la-expansion-las-primeras-nuevas-aulas-en-aguaribay\/#primaryimage","url":"https:\/\/aguaribay.edu.ar\/escuela\/wp-content\/uploads\/2024\/08\/Captura-de-Pantalla-2024-08-01-a-las-09.48.01-copia.jpg","contentUrl":"https:\/\/aguaribay.edu.ar\/escuela\/wp-content\/uploads\/2024\/08\/Captura-de-Pantalla-2024-08-01-a-las-09.48.01-copia.jpg","width":1970,"height":1106,"caption":"Screenshot"},{"@type":"WebSite","@id":"https:\/\/aguaribay.edu.ar\/escuela\/#website","url":"https:\/\/aguaribay.edu.ar\/escuela\/","name":"Escuela Aguaribay","description":"Sitio institucional Escuela Aguaribay","publisher":{"@id":"https:\/\/aguaribay.edu.ar\/escuela\/#organization"},"potentialAction":[{"@type":"SearchAction","target":{"@type":"EntryPoint","urlTemplate":"https:\/\/aguaribay.edu.ar\/escuela\/?s={search_term_string}"},"query-input":{"@type":"PropertyValueSpecification","valueRequired":true,"valueName":"search_term_string"}}],"inLanguage":"es"},{"@type":"Organization","@id":"https:\/\/aguaribay.edu.ar\/escuela\/#organization","name":"Escuela Aguaribay","url":"https:\/\/aguaribay.edu.ar\/escuela\/","logo":{"@type":"ImageObject","inLanguage":"es","@id":"https:\/\/aguaribay.edu.ar\/escuela\/#\/schema\/logo\/image\/","url":"https:\/\/aguaribay.edu.ar\/escuela\/wp-content\/uploads\/2023\/09\/Logo-aguaribay.png","contentUrl":"https:\/\/aguaribay.edu.ar\/escuela\/wp-content\/uploads\/2023\/09\/Logo-aguaribay.png","width":500,"height":500,"caption":"Escuela Aguaribay"},"image":{"@id":"https:\/\/aguaribay.edu.ar\/escuela\/#\/schema\/logo\/image\/"},"sameAs":["https:\/\/www.instagram.com\/escuela_aguaribay\/?hl=es-la"]},{"@type":"Person","@id":"https:\/\/aguaribay.edu.ar\/escuela\/#\/schema\/person\/d020fdd7af423e10f48e60c542f188d9","name":"Carla Campoy","image":{"@type":"ImageObject","inLanguage":"es","@id":"https:\/\/aguaribay.edu.ar\/escuela\/#\/schema\/person\/image\/","url":"https:\/\/secure.gravatar.com\/avatar\/a64fd4713d754287ea42d22f7a8a1332a8687975f7bcade47beeee26adf3baeb?s=96&d=mm&r=g","contentUrl":"https:\/\/secure.gravatar.com\/avatar\/a64fd4713d754287ea42d22f7a8a1332a8687975f7bcade47beeee26adf3baeb?s=96&d=mm&r=g","caption":"Carla Campoy"},"url":"https:\/\/aguaribay.edu.ar\/escuela\/author\/carla\/"}]}},"_links":{"self":[{"href":"https:\/\/aguaribay.edu.ar\/escuela\/wp-json\/wp\/v2\/posts\/1059","targetHints":{"allow":["GET"]}}],"collection":[{"href":"https:\/\/aguaribay.edu.ar\/escuela\/wp-json\/wp\/v2\/posts"}],"about":[{"href":"https:\/\/aguaribay.edu.ar\/escuela\/wp-json\/wp\/v2\/types\/post"}],"author":[{"embeddable":true,"href":"https:\/\/aguaribay.edu.ar\/escuela\/wp-json\/wp\/v2\/users\/5"}],"replies":[{"embeddable":true,"href":"https:\/\/aguaribay.edu.ar\/escuela\/wp-json\/wp\/v2\/comments?post=1059"}],"version-history":[{"count":27,"href":"https:\/\/aguaribay.edu.ar\/escuela\/wp-json\/wp\/v2\/posts\/1059\/revisions"}],"predecessor-version":[{"id":1193,"href":"https:\/\/aguaribay.edu.ar\/escuela\/wp-json\/wp\/v2\/posts\/1059\/revisions\/1193"}],"wp:featuredmedia":[{"embeddable":true,"href":"https:\/\/aguaribay.edu.ar\/escuela\/wp-json\/wp\/v2\/media\/1080"}],"wp:attachment":[{"href":"https:\/\/aguaribay.edu.ar\/escuela\/wp-json\/wp\/v2\/media?parent=1059"}],"wp:term":[{"taxonomy":"category","embeddable":true,"href":"https:\/\/aguaribay.edu.ar\/escuela\/wp-json\/wp\/v2\/categories?post=1059"},{"taxonomy":"post_tag","embeddable":true,"href":"https:\/\/aguaribay.edu.ar\/escuela\/wp-json\/wp\/v2\/tags?post=1059"}],"curies":[{"name":"wp","href":"https:\/\/api.w.org\/{rel}","templated":true}]}}