{"id":1217,"date":"2025-03-14T19:49:58","date_gmt":"2025-03-14T19:49:58","guid":{"rendered":"https:\/\/aguaribay.edu.ar\/escuela\/?p=1217"},"modified":"2025-03-19T02:02:11","modified_gmt":"2025-03-19T02:02:11","slug":"mirar-el-camino","status":"publish","type":"post","link":"https:\/\/aguaribay.edu.ar\/escuela\/mirar-el-camino\/","title":{"rendered":"Mirar el camino"},"content":{"rendered":"\n<div class=\"wp-block-columns is-layout-flex wp-container-core-columns-is-layout-28f84493 wp-block-columns-is-layout-flex\">\n<div class=\"wp-block-column is-layout-flow wp-block-column-is-layout-flow\">\n<p><em><strong>\u00abQuiero tiempo, pero tiempo no apurado. Tiempo de jugar que es el mejor\u2026\u00bb<\/strong><\/em> <br>Marcha de Os\u00edas \/ Mar\u00eda Elena Walsh<br><br>Tuve una infancia feliz; <strong>eleg\u00ed<\/strong> nacer en una familia numerosa. Pap\u00e1 Felipe y mam\u00e1 Lita, tres hermanos mayores y, detr\u00e1s de m\u00ed, tres hermanas.<br><br>Tanto lo <strong>colectivo<\/strong> como lo <strong>espiritual<\/strong> marcaron esa etapa fuertemente, sobre todo por ser fervientes cat\u00f3licos, muy comprometidos en la parroquia del barrio.<\/p>\n\n\n\n<p>Intuyo que la vocaci\u00f3n docente viene tambi\u00e9n de esa matriz. Felipe tuvo la posta al ejercer la docencia, luego todos y todas seguimos el camino de cultivar ese <strong>noble oficio<\/strong>.<br><br>Recuerdo que me divert\u00eda jugar y \u00abmandonear\u00bb a mis hermanos y hermanas, pero lo que m\u00e1s me gustaba era cuando dedicamos horas a los trabajos manuales. Bordar, tejer, coser o cocinar junto a mi mam\u00e1, mis t\u00edas, mi nona y mis hermanas, se convert\u00eda en un espacio m\u00e1gico donde el tiempo se volv\u00eda no apurado como el de Os\u00edas.<\/p>\n\n\n\n<p>Si pienso en mis 8 a\u00f1os, me emociona evocar la primera m\u00e1quina de coser de juguete y el asombro que me provocaba ver c\u00f3mo aquella min\u00fascula manivela giraba y transformaba el hilo en una puntada sobre la tela.<br><br>Nadie de mi entorno conoc\u00eda a <strong>Rudolf Steiner<\/strong>; sin embargo, al recorrer mi historia, comprendo que la Antroposof\u00eda di\u00f3 nombre a esas experiencias vitales que enriquecieron mi <strong>\u00abedad de oro\u00bb<\/strong>.<br><br>La mam\u00e1 y el pap\u00e1, al momento de decidir nuestra escolaridad primaria, optaron por enviarnos a los siete a una escuela cat\u00f3lica, motivados por la idea que tuvi\u00e9ramos la misma base religiosa y acad\u00e9mica, dejando que despu\u00e9s cada uno eligiera su propio camino, de hecho fuimos a distintas secundarias, para mi ese fue un tiempo de siembra.<\/p>\n\n\n\n<p>En aquel bachiller, egres\u00e9 con el t\u00edtulo de maestra de manualidades y artes del vestir, no solo aprend\u00ed infinidad de cosas, sino que pude perfeccionar un camino creativo, vinculado con lo artesanal que hab\u00eda comenzado en mi ni\u00f1ez y que luego ser\u00eda tan necesario para la futura experiencia con la <strong>Pedagog\u00eda Waldorf.<\/strong><br><br>Al terminar el secundario, no tuve dudas de mi vocaci\u00f3n. Con los a\u00f1os fui Profesora de Nivel Inicial y Nivel Primario, luego de un tiempo me recib\u00ed de Licenciada en Gesti\u00f3n Comunitaria y finalmente me form\u00e9 en Pedagog\u00eda Waldorf.<br><br>Mientras tanto, estudiar y trabajar era algo necesario y natural en mi casa de crianza. Muchas de esas experiencias laborales rondaban entre tareas de cuidado y contenci\u00f3n de ni\u00f1eces.<\/p>\n\n\n\n<p>Con el t\u00edtulo en mano, mi vocaci\u00f3n docente fue atravesada por inquietudes sociales. Trabaj\u00e9 muchos a\u00f1os para comunidades desfavorecidas, donde la pobreza desbordaba lo institucional y pedag\u00f3gico. <br><br>Era m\u00e1s urgente limpiar con amor la cabecita empiojada de una ni\u00f1a en vez de insistir con memorizar las tablas. En ese contexto, mi opci\u00f3n fue involucrarme con las dificultades de ese entorno y el \u00fanico plan posible era \u00abembarrarse\u00bb.<br><br>En esa etapa tambi\u00e9n fui directora-maestra en un S.E.O.S (Servicio Educativo de Origen Social), acompa\u00f1ando hombro a hombro a familias, docentes, ni\u00f1os, ni\u00f1as, j\u00f3venes e interactuando con actores sociales como municipalidad, programas de adicciones, uniones vecinales, centros de salud, centros de apoyo educativo, polideportivos, D.I.N.A.F.F., etc.<\/p>\n\n\n\n<p>M\u00e1s tarde, la ense\u00f1anza privada se present\u00f3 como otra alternativa. All\u00ed conoc\u00ed infancias con oportunidades y <strong>biograf\u00edas <\/strong>muy distintas a las que hab\u00eda acompa\u00f1ado hasta entonces. <\/p>\n<\/div>\n\n\n\n<div class=\"wp-block-column is-layout-flow wp-block-column-is-layout-flow\">\n<p>Fue un per\u00edodo de caos, sensaciones y realidades encontradas\u2026<br><br>Hoy, al mirar en <strong>retrospectiva<\/strong> bajo la luz del pensamiento de <strong>Steiner<\/strong>, comprendo aquello que dijo de la juventud:<strong> <em>\u00abHay que atravesar esas tempestades de emociones y sensaciones, que obligan al yo, a aprender a conducir el barco a trav\u00e9s de las tormentas\u00bb.<\/em><\/strong> <br><br>Entre estos vaivenes, lleg\u00f3 mi hijo, Francisco, que me <strong>elige<\/strong> como mam\u00e1. Maternar fue la m\u00e1s inmensa de las tareas y muchas veces contradictoria, donde la felicidad, la angustia, los compromisos y el deseo me llevaron hacia aprendizajes significativos y un mayor despertar de la consciencia.<br><br>Mi compromiso con la docencia y la maternidad me llen\u00f3 de preguntas: \u00bfc\u00f3mo <strong>hacer, pensar, sentir<\/strong>? \u00bfc\u00f3mo seguir en el mundo de la educaci\u00f3n, valorando lo recorrido? y, al mismo tiempo, abriendome a otras formas, rutas, otros gestos y luchas?<br><br>Y as\u00ed, el primer acercamiento a la <strong>Antroposof\u00eda<\/strong>, base filos\u00f3fica de la pedagog\u00eda <strong>Waldorf,<\/strong> fue a trav\u00e9s de un grupo de lectura. All\u00ed sent\u00ed que se abr\u00eda una ventana hacia un paisaje que renovaba mi vocaci\u00f3n y mi alma.<br><br>Una vez m\u00e1s, la comunidad,lo social, apareci\u00f3 en mi vida como un camino posible, amable, luminoso, reflejo de aquella infancia sin tiempo.<\/p>\n\n\n\n<p>Y por all\u00e1, en Maip\u00fa\u2026provincia de Mendoza\u2026un grupo de madres y padres me invit\u00f3 a acompa\u00f1arlos y junto a Alicia Soria, gran docente y amiga, nos sumamos a semejante desaf\u00edo.<br><br>El impulso com\u00fan se manifest\u00f3 en un deseo: brindar a esas infancias otras formas de socializar y aprender.<br><br>As\u00ed nace nuestra Escuela <strong>\u00abAGUARIBAY\u00bb<\/strong>, Gesti\u00f3n social-Pedagog\u00eda Waldorf<br><br>Ese fue un lugar donde el <strong>encuentro y la transformaci\u00f3n<\/strong> fueron posibles gracias a los acuerdos construidos por <strong>la comunidad<\/strong> y <strong>el cuenco<\/strong> de maestros y maestras que son urdimbre que entrelaza\u2026abraza y sostiene.<br><br>Por supuesto, estos acuerdos son f\u00e1ciles de enunciar, pero complejos de concretar. En cada apuesta, intent\u00e1bamos que la realidad del otro fuera nuestra br\u00fajula, ya que de nada sirve aferrarse a dogmas o propuestas cuando se convierten en expresiones superficiales de algo tan bueno-bello- verdadero como la Pedagog\u00eda Waldorf.<br><br>Desde este terru\u00f1o, con su complejidad , profundidad y tradiciones, me pregunto:<br>\u00bfCu\u00e1les son las huellas que nos mantienen en lo esencial? \u00bfCu\u00e1les nos comprometen y nos marcan el camino?<br><br>No hay una \u00fanica respuesta, pero intuyo que, mirando con libertad la humanidad de las otredades y su biograf\u00eda, encontraremos ese atajo.<br><br>Nadie mejor que Steiner para orientarnos, cuando afirma:<strong><em>\u00abUna vida social saludable, solo se consigue cuando en el espejo del alma humana, la comunidad entera encuentra su reflejo. Y cuando la virtud de cada uno y cada una, vive en toda la comunidad\u00bb.<\/em><\/strong><br><br>Hoy, mirando hacia atr\u00e1s y hacia adelante, comprendo que la educaci\u00f3n no es solo transmitir conocimientos, sino generar espacios donde cada ser pueda desplegar su esencia. Es, como dice Steiner, un proceso de profunda transformaci\u00f3n, tanto para quienes ense\u00f1an como para quienes aprenden.<br><br>El desaf\u00edo contin\u00faa: mantener vivas las preguntas, sostener la mirada abierta y seguir construyendo\u2026seguir creyendo, con la certeza de que la comunidad y el amor siempre nos marcar\u00e1n el camino.<br><\/p>\n<\/div>\n<\/div>\n\n\n\n<p><\/p>\n\n\n\n<div class=\"wp-block-columns is-layout-flex wp-container-core-columns-is-layout-28f84493 wp-block-columns-is-layout-flex\">\n<div class=\"wp-block-column is-layout-flow wp-block-column-is-layout-flow\">\n<figure class=\"wp-block-image aligncenter size-medium wp-duotone-unset-1\"><a href=\"https:\/\/aguaribay.edu.ar\/escuela\/wp-content\/uploads\/2025\/03\/WhatsApp-Image-2025-03-14-at-16.16.13.jpeg\"><img fetchpriority=\"high\" decoding=\"async\" width=\"225\" height=\"300\" src=\"https:\/\/aguaribay.edu.ar\/escuela\/wp-content\/uploads\/2025\/03\/WhatsApp-Image-2025-03-14-at-16.16.13-225x300.jpeg\" alt=\"\" class=\"wp-image-1252\" srcset=\"https:\/\/aguaribay.edu.ar\/escuela\/wp-content\/uploads\/2025\/03\/WhatsApp-Image-2025-03-14-at-16.16.13-225x300.jpeg 225w, https:\/\/aguaribay.edu.ar\/escuela\/wp-content\/uploads\/2025\/03\/WhatsApp-Image-2025-03-14-at-16.16.13-768x1024.jpeg 768w, https:\/\/aguaribay.edu.ar\/escuela\/wp-content\/uploads\/2025\/03\/WhatsApp-Image-2025-03-14-at-16.16.13-1152x1536.jpeg 1152w, https:\/\/aguaribay.edu.ar\/escuela\/wp-content\/uploads\/2025\/03\/WhatsApp-Image-2025-03-14-at-16.16.13.jpeg 1200w\" sizes=\"(max-width: 225px) 100vw, 225px\" \/><\/a><\/figure>\n<\/div>\n\n\n\n<div class=\"wp-block-column is-layout-flow wp-block-column-is-layout-flow\" style=\"border-radius:0px\">\n<figure class=\"wp-block-image aligncenter size-medium has-custom-border\" style=\"margin-top:0;margin-right:0;margin-bottom:0;margin-left:0\"><a href=\"https:\/\/aguaribay.edu.ar\/escuela\/wp-content\/uploads\/2025\/03\/WhatsApp-Image-2025-03-14-at-16.16.13-1.jpeg\"><img decoding=\"async\" width=\"225\" height=\"300\" src=\"https:\/\/aguaribay.edu.ar\/escuela\/wp-content\/uploads\/2025\/03\/WhatsApp-Image-2025-03-14-at-16.16.13-1-225x300.jpeg\" alt=\"\" class=\"wp-image-1253\" style=\"border-style:none;border-width:0px;border-radius:0px\" srcset=\"https:\/\/aguaribay.edu.ar\/escuela\/wp-content\/uploads\/2025\/03\/WhatsApp-Image-2025-03-14-at-16.16.13-1-225x300.jpeg 225w, https:\/\/aguaribay.edu.ar\/escuela\/wp-content\/uploads\/2025\/03\/WhatsApp-Image-2025-03-14-at-16.16.13-1-768x1024.jpeg 768w, https:\/\/aguaribay.edu.ar\/escuela\/wp-content\/uploads\/2025\/03\/WhatsApp-Image-2025-03-14-at-16.16.13-1-1152x1536.jpeg 1152w, https:\/\/aguaribay.edu.ar\/escuela\/wp-content\/uploads\/2025\/03\/WhatsApp-Image-2025-03-14-at-16.16.13-1.jpeg 1200w\" sizes=\"(max-width: 225px) 100vw, 225px\" \/><\/a><\/figure>\n<\/div>\n<\/div>\n\n\n\n<p><\/p>\n\n\n\n<div class=\"wp-block-columns is-layout-flex wp-container-core-columns-is-layout-28f84493 wp-block-columns-is-layout-flex\">\n<div class=\"wp-block-column is-layout-flow wp-block-column-is-layout-flow\">\n<figure class=\"wp-block-image aligncenter size-medium\"><a href=\"https:\/\/aguaribay.edu.ar\/escuela\/wp-content\/uploads\/2025\/03\/WhatsApp-Image-2025-03-14-at-16.17.11.jpeg\"><img decoding=\"async\" width=\"288\" height=\"300\" src=\"https:\/\/aguaribay.edu.ar\/escuela\/wp-content\/uploads\/2025\/03\/WhatsApp-Image-2025-03-14-at-16.17.11-288x300.jpeg\" alt=\"\" class=\"wp-image-1256\" srcset=\"https:\/\/aguaribay.edu.ar\/escuela\/wp-content\/uploads\/2025\/03\/WhatsApp-Image-2025-03-14-at-16.17.11-288x300.jpeg 288w, https:\/\/aguaribay.edu.ar\/escuela\/wp-content\/uploads\/2025\/03\/WhatsApp-Image-2025-03-14-at-16.17.11-983x1024.jpeg 983w, https:\/\/aguaribay.edu.ar\/escuela\/wp-content\/uploads\/2025\/03\/WhatsApp-Image-2025-03-14-at-16.17.11-768x800.jpeg 768w, https:\/\/aguaribay.edu.ar\/escuela\/wp-content\/uploads\/2025\/03\/WhatsApp-Image-2025-03-14-at-16.17.11.jpeg 1040w\" sizes=\"(max-width: 288px) 100vw, 288px\" \/><\/a><\/figure>\n<\/div>\n\n\n\n<div class=\"wp-block-column is-layout-flow wp-block-column-is-layout-flow\">\n<figure class=\"wp-block-image aligncenter size-medium\"><a href=\"https:\/\/aguaribay.edu.ar\/escuela\/wp-content\/uploads\/2025\/03\/WhatsApp-Image-2025-03-14-at-16.16.39.jpeg\"><img loading=\"lazy\" decoding=\"async\" width=\"293\" height=\"300\" src=\"https:\/\/aguaribay.edu.ar\/escuela\/wp-content\/uploads\/2025\/03\/WhatsApp-Image-2025-03-14-at-16.16.39-293x300.jpeg\" alt=\"\" class=\"wp-image-1258\" srcset=\"https:\/\/aguaribay.edu.ar\/escuela\/wp-content\/uploads\/2025\/03\/WhatsApp-Image-2025-03-14-at-16.16.39-293x300.jpeg 293w, https:\/\/aguaribay.edu.ar\/escuela\/wp-content\/uploads\/2025\/03\/WhatsApp-Image-2025-03-14-at-16.16.39.jpeg 589w\" sizes=\"(max-width: 293px) 100vw, 293px\" \/><\/a><\/figure>\n<\/div>\n<\/div>\n\n\n\n<p><\/p>\n\n\n\n<p><\/p>\n\n\n\n<p><\/p>\n\n\n\n<p><\/p>\n","protected":false},"excerpt":{"rendered":"<p>Invitamos a Patricia Yonzo, a quien tuvimos el privilegio de tener como directora en el per\u00edodo 2018-2022 para que nos cuente c\u00f3mo fue la historia que la hizo llegar a nuestra amada Escuela Aguaribay.<br \/>\nSu huella imborrable en las ni\u00f1eces y familias a las que toc\u00f3 con su coraz\u00f3n junto a sus semillas de fuerza, sost\u00e9n y amor incondicional que siempre nos guiar\u00e1n hacia una \u00a1Larga vida Aguaribay!<\/p>\n","protected":false},"author":2,"featured_media":1233,"comment_status":"open","ping_status":"open","sticky":false,"template":"","format":"standard","meta":{"_acf_changed":false,"footnotes":""},"categories":[1],"tags":[],"class_list":["post-1217","post","type-post","status-publish","format-standard","has-post-thumbnail","hentry","category-sin-categoria"],"acf":[],"yoast_head":"<!-- This site is optimized with the Yoast SEO plugin v27.0 - https:\/\/yoast.com\/product\/yoast-seo-wordpress\/ -->\n<title>Mirar el camino - Escuela Aguaribay<\/title>\n<meta name=\"robots\" content=\"index, follow, max-snippet:-1, max-image-preview:large, max-video-preview:-1\" \/>\n<link rel=\"canonical\" href=\"https:\/\/aguaribay.edu.ar\/escuela\/mirar-el-camino\/\" \/>\n<meta property=\"og:locale\" content=\"es_ES\" \/>\n<meta property=\"og:type\" content=\"article\" \/>\n<meta property=\"og:title\" content=\"Mirar el camino - Escuela Aguaribay\" \/>\n<meta property=\"og:description\" content=\"Invitamos a Patricia Yonzo, a quien tuvimos el privilegio de tener como directora en el per\u00edodo 2018-2022 para que nos cuente c\u00f3mo fue la historia que la hizo llegar a nuestra amada Escuela Aguaribay. Su huella imborrable en las ni\u00f1eces y familias a las que toc\u00f3 con su coraz\u00f3n junto a sus semillas de fuerza, sost\u00e9n y amor incondicional que siempre nos guiar\u00e1n hacia una \u00a1Larga vida Aguaribay!\" \/>\n<meta property=\"og:url\" content=\"https:\/\/aguaribay.edu.ar\/escuela\/mirar-el-camino\/\" \/>\n<meta property=\"og:site_name\" content=\"Escuela Aguaribay\" \/>\n<meta property=\"article:published_time\" content=\"2025-03-14T19:49:58+00:00\" \/>\n<meta property=\"article:modified_time\" content=\"2025-03-19T02:02:11+00:00\" \/>\n<meta property=\"og:image\" content=\"https:\/\/aguaribay.edu.ar\/escuela\/wp-content\/uploads\/2024\/08\/WhatsApp-Image-2025-03-14-at-16.15.43777.jpg\" \/>\n\t<meta property=\"og:image:width\" content=\"576\" \/>\n\t<meta property=\"og:image:height\" content=\"418\" \/>\n\t<meta property=\"og:image:type\" content=\"image\/jpeg\" \/>\n<meta name=\"author\" content=\"WPAguaribayAdm\" \/>\n<meta name=\"twitter:card\" content=\"summary_large_image\" \/>\n<meta name=\"twitter:label1\" content=\"Escrito por\" \/>\n\t<meta name=\"twitter:data1\" content=\"WPAguaribayAdm\" \/>\n\t<meta name=\"twitter:label2\" content=\"Tiempo de lectura\" \/>\n\t<meta name=\"twitter:data2\" content=\"6 minutos\" \/>\n<script type=\"application\/ld+json\" class=\"yoast-schema-graph\">{\"@context\":\"https:\/\/schema.org\",\"@graph\":[{\"@type\":\"Article\",\"@id\":\"https:\/\/aguaribay.edu.ar\/escuela\/mirar-el-camino\/#article\",\"isPartOf\":{\"@id\":\"https:\/\/aguaribay.edu.ar\/escuela\/mirar-el-camino\/\"},\"author\":{\"name\":\"WPAguaribayAdm\",\"@id\":\"https:\/\/aguaribay.edu.ar\/escuela\/#\/schema\/person\/d14e12de6f155b3de5973a480c2e2ebf\"},\"headline\":\"Mirar el camino\",\"datePublished\":\"2025-03-14T19:49:58+00:00\",\"dateModified\":\"2025-03-19T02:02:11+00:00\",\"mainEntityOfPage\":{\"@id\":\"https:\/\/aguaribay.edu.ar\/escuela\/mirar-el-camino\/\"},\"wordCount\":1144,\"commentCount\":2,\"publisher\":{\"@id\":\"https:\/\/aguaribay.edu.ar\/escuela\/#organization\"},\"image\":{\"@id\":\"https:\/\/aguaribay.edu.ar\/escuela\/mirar-el-camino\/#primaryimage\"},\"thumbnailUrl\":\"https:\/\/aguaribay.edu.ar\/escuela\/wp-content\/uploads\/2024\/08\/WhatsApp-Image-2025-03-14-at-16.15.43777.jpg\",\"inLanguage\":\"es\",\"potentialAction\":[{\"@type\":\"CommentAction\",\"name\":\"Comment\",\"target\":[\"https:\/\/aguaribay.edu.ar\/escuela\/mirar-el-camino\/#respond\"]}]},{\"@type\":\"WebPage\",\"@id\":\"https:\/\/aguaribay.edu.ar\/escuela\/mirar-el-camino\/\",\"url\":\"https:\/\/aguaribay.edu.ar\/escuela\/mirar-el-camino\/\",\"name\":\"Mirar el camino - Escuela Aguaribay\",\"isPartOf\":{\"@id\":\"https:\/\/aguaribay.edu.ar\/escuela\/#website\"},\"primaryImageOfPage\":{\"@id\":\"https:\/\/aguaribay.edu.ar\/escuela\/mirar-el-camino\/#primaryimage\"},\"image\":{\"@id\":\"https:\/\/aguaribay.edu.ar\/escuela\/mirar-el-camino\/#primaryimage\"},\"thumbnailUrl\":\"https:\/\/aguaribay.edu.ar\/escuela\/wp-content\/uploads\/2024\/08\/WhatsApp-Image-2025-03-14-at-16.15.43777.jpg\",\"datePublished\":\"2025-03-14T19:49:58+00:00\",\"dateModified\":\"2025-03-19T02:02:11+00:00\",\"inLanguage\":\"es\",\"potentialAction\":[{\"@type\":\"ReadAction\",\"target\":[\"https:\/\/aguaribay.edu.ar\/escuela\/mirar-el-camino\/\"]}]},{\"@type\":\"ImageObject\",\"inLanguage\":\"es\",\"@id\":\"https:\/\/aguaribay.edu.ar\/escuela\/mirar-el-camino\/#primaryimage\",\"url\":\"https:\/\/aguaribay.edu.ar\/escuela\/wp-content\/uploads\/2024\/08\/WhatsApp-Image-2025-03-14-at-16.15.43777.jpg\",\"contentUrl\":\"https:\/\/aguaribay.edu.ar\/escuela\/wp-content\/uploads\/2024\/08\/WhatsApp-Image-2025-03-14-at-16.15.43777.jpg\",\"width\":576,\"height\":418},{\"@type\":\"WebSite\",\"@id\":\"https:\/\/aguaribay.edu.ar\/escuela\/#website\",\"url\":\"https:\/\/aguaribay.edu.ar\/escuela\/\",\"name\":\"Escuela Aguaribay\",\"description\":\"Sitio institucional Escuela Aguaribay\",\"publisher\":{\"@id\":\"https:\/\/aguaribay.edu.ar\/escuela\/#organization\"},\"potentialAction\":[{\"@type\":\"SearchAction\",\"target\":{\"@type\":\"EntryPoint\",\"urlTemplate\":\"https:\/\/aguaribay.edu.ar\/escuela\/?s={search_term_string}\"},\"query-input\":{\"@type\":\"PropertyValueSpecification\",\"valueRequired\":true,\"valueName\":\"search_term_string\"}}],\"inLanguage\":\"es\"},{\"@type\":\"Organization\",\"@id\":\"https:\/\/aguaribay.edu.ar\/escuela\/#organization\",\"name\":\"Escuela Aguaribay\",\"url\":\"https:\/\/aguaribay.edu.ar\/escuela\/\",\"logo\":{\"@type\":\"ImageObject\",\"inLanguage\":\"es\",\"@id\":\"https:\/\/aguaribay.edu.ar\/escuela\/#\/schema\/logo\/image\/\",\"url\":\"https:\/\/aguaribay.edu.ar\/escuela\/wp-content\/uploads\/2023\/09\/Logo-aguaribay.png\",\"contentUrl\":\"https:\/\/aguaribay.edu.ar\/escuela\/wp-content\/uploads\/2023\/09\/Logo-aguaribay.png\",\"width\":500,\"height\":500,\"caption\":\"Escuela Aguaribay\"},\"image\":{\"@id\":\"https:\/\/aguaribay.edu.ar\/escuela\/#\/schema\/logo\/image\/\"},\"sameAs\":[\"https:\/\/www.instagram.com\/escuela_aguaribay\/?hl=es-la\"]},{\"@type\":\"Person\",\"@id\":\"https:\/\/aguaribay.edu.ar\/escuela\/#\/schema\/person\/d14e12de6f155b3de5973a480c2e2ebf\",\"name\":\"WPAguaribayAdm\",\"image\":{\"@type\":\"ImageObject\",\"inLanguage\":\"es\",\"@id\":\"https:\/\/aguaribay.edu.ar\/escuela\/#\/schema\/person\/image\/\",\"url\":\"https:\/\/secure.gravatar.com\/avatar\/0cd5fd79eed2253e76fa1bf7f5e5085530a59bbed24c7bc008c281691732a331?s=96&d=mm&r=g\",\"contentUrl\":\"https:\/\/secure.gravatar.com\/avatar\/0cd5fd79eed2253e76fa1bf7f5e5085530a59bbed24c7bc008c281691732a331?s=96&d=mm&r=g\",\"caption\":\"WPAguaribayAdm\"},\"url\":\"https:\/\/aguaribay.edu.ar\/escuela\/author\/c1382346\/\"}]}<\/script>\n<!-- \/ Yoast SEO plugin. -->","yoast_head_json":{"title":"Mirar el camino - Escuela Aguaribay","robots":{"index":"index","follow":"follow","max-snippet":"max-snippet:-1","max-image-preview":"max-image-preview:large","max-video-preview":"max-video-preview:-1"},"canonical":"https:\/\/aguaribay.edu.ar\/escuela\/mirar-el-camino\/","og_locale":"es_ES","og_type":"article","og_title":"Mirar el camino - Escuela Aguaribay","og_description":"Invitamos a Patricia Yonzo, a quien tuvimos el privilegio de tener como directora en el per\u00edodo 2018-2022 para que nos cuente c\u00f3mo fue la historia que la hizo llegar a nuestra amada Escuela Aguaribay. Su huella imborrable en las ni\u00f1eces y familias a las que toc\u00f3 con su coraz\u00f3n junto a sus semillas de fuerza, sost\u00e9n y amor incondicional que siempre nos guiar\u00e1n hacia una \u00a1Larga vida Aguaribay!","og_url":"https:\/\/aguaribay.edu.ar\/escuela\/mirar-el-camino\/","og_site_name":"Escuela Aguaribay","article_published_time":"2025-03-14T19:49:58+00:00","article_modified_time":"2025-03-19T02:02:11+00:00","og_image":[{"width":576,"height":418,"url":"https:\/\/aguaribay.edu.ar\/escuela\/wp-content\/uploads\/2024\/08\/WhatsApp-Image-2025-03-14-at-16.15.43777.jpg","type":"image\/jpeg"}],"author":"WPAguaribayAdm","twitter_card":"summary_large_image","twitter_misc":{"Escrito por":"WPAguaribayAdm","Tiempo de lectura":"6 minutos"},"schema":{"@context":"https:\/\/schema.org","@graph":[{"@type":"Article","@id":"https:\/\/aguaribay.edu.ar\/escuela\/mirar-el-camino\/#article","isPartOf":{"@id":"https:\/\/aguaribay.edu.ar\/escuela\/mirar-el-camino\/"},"author":{"name":"WPAguaribayAdm","@id":"https:\/\/aguaribay.edu.ar\/escuela\/#\/schema\/person\/d14e12de6f155b3de5973a480c2e2ebf"},"headline":"Mirar el camino","datePublished":"2025-03-14T19:49:58+00:00","dateModified":"2025-03-19T02:02:11+00:00","mainEntityOfPage":{"@id":"https:\/\/aguaribay.edu.ar\/escuela\/mirar-el-camino\/"},"wordCount":1144,"commentCount":2,"publisher":{"@id":"https:\/\/aguaribay.edu.ar\/escuela\/#organization"},"image":{"@id":"https:\/\/aguaribay.edu.ar\/escuela\/mirar-el-camino\/#primaryimage"},"thumbnailUrl":"https:\/\/aguaribay.edu.ar\/escuela\/wp-content\/uploads\/2024\/08\/WhatsApp-Image-2025-03-14-at-16.15.43777.jpg","inLanguage":"es","potentialAction":[{"@type":"CommentAction","name":"Comment","target":["https:\/\/aguaribay.edu.ar\/escuela\/mirar-el-camino\/#respond"]}]},{"@type":"WebPage","@id":"https:\/\/aguaribay.edu.ar\/escuela\/mirar-el-camino\/","url":"https:\/\/aguaribay.edu.ar\/escuela\/mirar-el-camino\/","name":"Mirar el camino - Escuela Aguaribay","isPartOf":{"@id":"https:\/\/aguaribay.edu.ar\/escuela\/#website"},"primaryImageOfPage":{"@id":"https:\/\/aguaribay.edu.ar\/escuela\/mirar-el-camino\/#primaryimage"},"image":{"@id":"https:\/\/aguaribay.edu.ar\/escuela\/mirar-el-camino\/#primaryimage"},"thumbnailUrl":"https:\/\/aguaribay.edu.ar\/escuela\/wp-content\/uploads\/2024\/08\/WhatsApp-Image-2025-03-14-at-16.15.43777.jpg","datePublished":"2025-03-14T19:49:58+00:00","dateModified":"2025-03-19T02:02:11+00:00","inLanguage":"es","potentialAction":[{"@type":"ReadAction","target":["https:\/\/aguaribay.edu.ar\/escuela\/mirar-el-camino\/"]}]},{"@type":"ImageObject","inLanguage":"es","@id":"https:\/\/aguaribay.edu.ar\/escuela\/mirar-el-camino\/#primaryimage","url":"https:\/\/aguaribay.edu.ar\/escuela\/wp-content\/uploads\/2024\/08\/WhatsApp-Image-2025-03-14-at-16.15.43777.jpg","contentUrl":"https:\/\/aguaribay.edu.ar\/escuela\/wp-content\/uploads\/2024\/08\/WhatsApp-Image-2025-03-14-at-16.15.43777.jpg","width":576,"height":418},{"@type":"WebSite","@id":"https:\/\/aguaribay.edu.ar\/escuela\/#website","url":"https:\/\/aguaribay.edu.ar\/escuela\/","name":"Escuela Aguaribay","description":"Sitio institucional Escuela Aguaribay","publisher":{"@id":"https:\/\/aguaribay.edu.ar\/escuela\/#organization"},"potentialAction":[{"@type":"SearchAction","target":{"@type":"EntryPoint","urlTemplate":"https:\/\/aguaribay.edu.ar\/escuela\/?s={search_term_string}"},"query-input":{"@type":"PropertyValueSpecification","valueRequired":true,"valueName":"search_term_string"}}],"inLanguage":"es"},{"@type":"Organization","@id":"https:\/\/aguaribay.edu.ar\/escuela\/#organization","name":"Escuela Aguaribay","url":"https:\/\/aguaribay.edu.ar\/escuela\/","logo":{"@type":"ImageObject","inLanguage":"es","@id":"https:\/\/aguaribay.edu.ar\/escuela\/#\/schema\/logo\/image\/","url":"https:\/\/aguaribay.edu.ar\/escuela\/wp-content\/uploads\/2023\/09\/Logo-aguaribay.png","contentUrl":"https:\/\/aguaribay.edu.ar\/escuela\/wp-content\/uploads\/2023\/09\/Logo-aguaribay.png","width":500,"height":500,"caption":"Escuela Aguaribay"},"image":{"@id":"https:\/\/aguaribay.edu.ar\/escuela\/#\/schema\/logo\/image\/"},"sameAs":["https:\/\/www.instagram.com\/escuela_aguaribay\/?hl=es-la"]},{"@type":"Person","@id":"https:\/\/aguaribay.edu.ar\/escuela\/#\/schema\/person\/d14e12de6f155b3de5973a480c2e2ebf","name":"WPAguaribayAdm","image":{"@type":"ImageObject","inLanguage":"es","@id":"https:\/\/aguaribay.edu.ar\/escuela\/#\/schema\/person\/image\/","url":"https:\/\/secure.gravatar.com\/avatar\/0cd5fd79eed2253e76fa1bf7f5e5085530a59bbed24c7bc008c281691732a331?s=96&d=mm&r=g","contentUrl":"https:\/\/secure.gravatar.com\/avatar\/0cd5fd79eed2253e76fa1bf7f5e5085530a59bbed24c7bc008c281691732a331?s=96&d=mm&r=g","caption":"WPAguaribayAdm"},"url":"https:\/\/aguaribay.edu.ar\/escuela\/author\/c1382346\/"}]}},"_links":{"self":[{"href":"https:\/\/aguaribay.edu.ar\/escuela\/wp-json\/wp\/v2\/posts\/1217","targetHints":{"allow":["GET"]}}],"collection":[{"href":"https:\/\/aguaribay.edu.ar\/escuela\/wp-json\/wp\/v2\/posts"}],"about":[{"href":"https:\/\/aguaribay.edu.ar\/escuela\/wp-json\/wp\/v2\/types\/post"}],"author":[{"embeddable":true,"href":"https:\/\/aguaribay.edu.ar\/escuela\/wp-json\/wp\/v2\/users\/2"}],"replies":[{"embeddable":true,"href":"https:\/\/aguaribay.edu.ar\/escuela\/wp-json\/wp\/v2\/comments?post=1217"}],"version-history":[{"count":44,"href":"https:\/\/aguaribay.edu.ar\/escuela\/wp-json\/wp\/v2\/posts\/1217\/revisions"}],"predecessor-version":[{"id":1302,"href":"https:\/\/aguaribay.edu.ar\/escuela\/wp-json\/wp\/v2\/posts\/1217\/revisions\/1302"}],"wp:featuredmedia":[{"embeddable":true,"href":"https:\/\/aguaribay.edu.ar\/escuela\/wp-json\/wp\/v2\/media\/1233"}],"wp:attachment":[{"href":"https:\/\/aguaribay.edu.ar\/escuela\/wp-json\/wp\/v2\/media?parent=1217"}],"wp:term":[{"taxonomy":"category","embeddable":true,"href":"https:\/\/aguaribay.edu.ar\/escuela\/wp-json\/wp\/v2\/categories?post=1217"},{"taxonomy":"post_tag","embeddable":true,"href":"https:\/\/aguaribay.edu.ar\/escuela\/wp-json\/wp\/v2\/tags?post=1217"}],"curies":[{"name":"wp","href":"https:\/\/api.w.org\/{rel}","templated":true}]}}