{"id":751,"date":"2024-04-08T18:24:42","date_gmt":"2024-04-08T18:24:42","guid":{"rendered":"https:\/\/aguaribay.edu.ar\/escuela\/?p=751"},"modified":"2024-05-24T12:47:19","modified_gmt":"2024-05-24T12:47:19","slug":"waldorf-una-escuela-en-maipu-que-crece-con-su-particular-forma-de-ensenar","status":"publish","type":"post","link":"https:\/\/aguaribay.edu.ar\/escuela\/waldorf-una-escuela-en-maipu-que-crece-con-su-particular-forma-de-ensenar\/","title":{"rendered":"Waldorf. Una escuela en Maip\u00fa que crece con su particular forma de ense\u00f1ar"},"content":{"rendered":"\t\t<div data-elementor-type=\"wp-post\" data-elementor-id=\"751\" class=\"elementor elementor-751\" data-elementor-post-type=\"post\">\n\t\t\t\t<div class=\"elementor-element elementor-element-bbe5902 e-flex e-con-boxed e-con e-parent\" data-id=\"bbe5902\" data-element_type=\"container\" data-e-type=\"container\">\n\t\t\t\t\t<div class=\"e-con-inner\">\n\t\t<div class=\"elementor-element elementor-element-520f00c e-flex e-con-boxed e-con e-child\" data-id=\"520f00c\" data-element_type=\"container\" data-e-type=\"container\">\n\t\t\t\t\t<div class=\"e-con-inner\">\n\t\t\t\t<div class=\"elementor-element elementor-element-9f970dc elementor-widget elementor-widget-heading\" data-id=\"9f970dc\" data-element_type=\"widget\" data-e-type=\"widget\" data-widget_type=\"heading.default\">\n\t\t\t\t<div class=\"elementor-widget-container\">\n\t\t\t\t\t<h2 class=\"elementor-heading-title elementor-size-default\">Waldorf. Una escuela en Maip\u00fa que crece con su particular forma de ense\u00f1ar<\/h2>\t\t\t\t<\/div>\n\t\t\t\t<\/div>\n\t\t\t\t<div class=\"elementor-element elementor-element-99fa053 elementor-widget elementor-widget-theme-post-excerpt\" data-id=\"99fa053\" data-element_type=\"widget\" data-e-type=\"widget\" data-widget_type=\"theme-post-excerpt.default\">\n\t\t\t\t<div class=\"elementor-widget-container\">\n\t\t\t\t\tOrientada a este tipo de pedagog\u00eda que naci\u00f3 luego de la Primera Guerra Mundial, el establecimiento se rige a trav\u00e9s de una econom\u00eda fraterna y el aporte familiar a partir de tareas comunitarias y tambi\u00e9n productivas.\n\t\t\t\t<\/div>\n\t\t\t\t<\/div>\n\t\t\t\t<div class=\"elementor-element elementor-element-1e33220 elementor-widget elementor-widget-text-editor\" data-id=\"1e33220\" data-element_type=\"widget\" data-e-type=\"widget\" data-widget_type=\"text-editor.default\">\n\t\t\t\t<div class=\"elementor-widget-container\">\n\t\t\t\t\t\t\t\t\t<blockquote><p>Muchas gracias al diario Los Andes por esta nota para nuestra Escuela Aguaribay publicada el <strong>8 de abril de 2024, 00:05<\/strong><\/p><p><a href=\"https:\/\/www.losandes.com.ar\/sociedad\/waldorf-una-escuela-en-maipu-que-crece-con-su-particular-forma-de-ensenar\/\" target=\"_blank\" rel=\"noopener\">Diario Los andes<\/a> <\/p><p>Y especialmente a la periodista <a title=\"Cecilia Corradetti\" href=\"https:\/\/www.losandes.com.ar\/autor\/ccorradetti\/\">Cecilia Corradetti<\/a> quien la escribi\u00f3 y por el registro de fotos a Orlando Pelichotti !!<\/p><\/blockquote>\t\t\t\t\t\t\t\t<\/div>\n\t\t\t\t<\/div>\n\t\t\t\t\t<\/div>\n\t\t\t\t<\/div>\n\t\t<div class=\"elementor-element elementor-element-98a2667 e-flex e-con-boxed e-con e-child\" data-id=\"98a2667\" data-element_type=\"container\" data-e-type=\"container\">\n\t\t\t\t\t<div class=\"e-con-inner\">\n\t\t\t\t<div class=\"elementor-element elementor-element-666b3d3 elementor-widget elementor-widget-theme-post-featured-image elementor-widget-image\" data-id=\"666b3d3\" data-element_type=\"widget\" data-e-type=\"widget\" data-widget_type=\"theme-post-featured-image.default\">\n\t\t\t\t<div class=\"elementor-widget-container\">\n\t\t\t\t\t\t\t\t\t\t\t\t\t\t\t<img fetchpriority=\"high\" decoding=\"async\" width=\"980\" height=\"640\" src=\"https:\/\/aguaribay.edu.ar\/escuela\/wp-content\/uploads\/2024\/04\/D3FO6P3RARGZVAJMEJ3RXZ7VIQ.avif\" class=\"attachment-full size-full wp-image-752\" alt=\"\" \/>\t\t\t\t\t\t\t\t\t\t\t\t\t\t\t<\/div>\n\t\t\t\t<\/div>\n\t\t\t\t\t<\/div>\n\t\t\t\t<\/div>\n\t\t\t\t\t<\/div>\n\t\t\t\t<\/div>\n\t\t<div class=\"elementor-element elementor-element-a8d3b36 e-con-full e-flex e-con e-parent\" data-id=\"a8d3b36\" data-element_type=\"container\" data-e-type=\"container\">\n\t\t<div class=\"elementor-element elementor-element-d716d68 e-flex e-con-boxed e-con e-child\" data-id=\"d716d68\" data-element_type=\"container\" data-e-type=\"container\">\n\t\t\t\t\t<div class=\"e-con-inner\">\n\t\t\t\t<div class=\"elementor-element elementor-element-67f4b64 elementor-widget elementor-widget-text-editor\" data-id=\"67f4b64\" data-element_type=\"widget\" data-e-type=\"widget\" data-widget_type=\"text-editor.default\">\n\t\t\t\t<div class=\"elementor-widget-container\">\n\t\t\t\t\t\t\t\t\t<p>Aunque muchos tal vez desconocen el significado de la pedagog\u00eda Waldorf, esta forma de ense\u00f1anza tiene numerosas particularidades: promueve el desarrollo armonioso de los elementos f\u00edsicos, emocionales, mentales y espirituales de cada alumno; reconoce y respeta las diferencias individuales y fomenta un ambiente inclusivo y diverso.<\/p><p>Suele decirse que\u00a0<b>esta pedagog\u00eda se desarrolla en un ambiente aut\u00f3nomo donde cada chico<\/b>, desde muy temprana edad, potencia sus propias habilidades manuales y art\u00edsticas de modo que sean ellos mismos quienes, con la gu\u00eda de los adultos,\u00a0<b>\u201cmarquen\u201d su propio ritmo para adquirir sus conocimientos<\/b><\/p>\t\t\t\t\t\t\t\t<\/div>\n\t\t\t\t<\/div>\n\t\t\t\t<div class=\"elementor-element elementor-element-e2ebd80 elementor-widget elementor-widget-text-editor\" data-id=\"e2ebd80\" data-element_type=\"widget\" data-e-type=\"widget\" data-widget_type=\"text-editor.default\">\n\t\t\t\t<div class=\"elementor-widget-container\">\n\t\t\t\t\t\t\t\t\tLa Escuela de gesti\u00f3n comunitaria Aguaribay con orientaci\u00f3n en pedagog\u00eda Waldorf, ubicada en el departamento de Maip\u00fa, es una fiel exponente en la provincia de Mendoza.\n\nEn pleno proceso de expansi\u00f3n, all\u00ed los ni\u00f1os participan de eventos comunitarios como los carnavales y las pe\u00f1as de oto\u00f1o y primavera; propician la econom\u00eda fraterna y la producci\u00f3n de alimentos agroecol\u00f3gicos como salsas, huevos de pascua, mermelada y pan dulce.<br> Lo recaudado tiene un fin espec\u00edfico: ayudar a solventar los gastos la escuela.\t\t\t\t\t\t\t\t<\/div>\n\t\t\t\t<\/div>\n\t\t\t\t\t<\/div>\n\t\t\t\t<\/div>\n\t\t\t\t<\/div>\n\t\t<div class=\"elementor-element elementor-element-838c33f e-flex e-con-boxed e-con e-parent\" data-id=\"838c33f\" data-element_type=\"container\" data-e-type=\"container\">\n\t\t\t\t\t<div class=\"e-con-inner\">\n\t\t<div class=\"elementor-element elementor-element-c8ac5e0 e-flex e-con-boxed e-con e-child\" data-id=\"c8ac5e0\" data-element_type=\"container\" data-e-type=\"container\">\n\t\t\t\t\t<div class=\"e-con-inner\">\n\t\t\t\t<div class=\"elementor-element elementor-element-337c40a elementor-widget elementor-widget-text-editor\" data-id=\"337c40a\" data-element_type=\"widget\" data-e-type=\"widget\" data-widget_type=\"text-editor.default\">\n\t\t\t\t<div class=\"elementor-widget-container\">\n\t\t\t\t\t\t\t\t\tGabriela Andrea Burgos<\/b>, directora del establecimiento desde agosto de 2022, indic\u00f3 que la escuela est\u00e1 transitando un momento de expansi\u00f3n con un cuerpo docente estable, comprometido y en constante formaci\u00f3n. \u201c<b>El a\u00f1o pasado se incorpor\u00f3 el Nivel Inicial al edificio actual y se est\u00e1 consolidando la escuela en su totalidad<\/b>\u201d, complet\u00f3.\t\t\t\t\t\t\t\t<\/div>\n\t\t\t\t<\/div>\n\t\t\t\t\t<\/div>\n\t\t\t\t<\/div>\n\t\t<div class=\"elementor-element elementor-element-47001f6 e-flex e-con-boxed e-con e-child\" data-id=\"47001f6\" data-element_type=\"container\" data-e-type=\"container\">\n\t\t\t\t\t<div class=\"e-con-inner\">\n\t\t\t\t<div class=\"elementor-element elementor-element-a56faad elementor-widget elementor-widget-image\" data-id=\"a56faad\" data-element_type=\"widget\" data-e-type=\"widget\" data-widget_type=\"image.default\">\n\t\t\t\t<div class=\"elementor-widget-container\">\n\t\t\t\t\t\t\t\t\t\t\t\t\t\t\t<img decoding=\"async\" width=\"1023\" height=\"682\" src=\"https:\/\/aguaribay.edu.ar\/escuela\/wp-content\/uploads\/2024\/04\/DIWU3S6G4RHLTNC2JHT3RF54BA.avif\" class=\"attachment-full size-full wp-image-765\" alt=\"\" \/>\t\t\t\t\t\t\t\t\t\t\t\t\t\t\t<\/div>\n\t\t\t\t<\/div>\n\t\t\t\t<div class=\"elementor-element elementor-element-a1ed516 elementor-widget elementor-widget-text-editor\" data-id=\"a1ed516\" data-element_type=\"widget\" data-e-type=\"widget\" data-widget_type=\"text-editor.default\">\n\t\t\t\t<div class=\"elementor-widget-container\">\n\t\t\t\t\t\t\t\t\tAgradecer y saludar a la vida. Como en cada ma\u00f1ana los alumnos as\u00ed inician su d\u00eda. Foto: Orlando Pelichotti\n\t\t\t\t\t\t\t\t<\/div>\n\t\t\t\t<\/div>\n\t\t\t\t\t<\/div>\n\t\t\t\t<\/div>\n\t\t\t\t\t<\/div>\n\t\t\t\t<\/div>\n\t\t<div class=\"elementor-element elementor-element-a74d163 e-flex e-con-boxed e-con e-parent\" data-id=\"a74d163\" data-element_type=\"container\" data-e-type=\"container\">\n\t\t\t\t\t<div class=\"e-con-inner\">\n\t\t<div class=\"elementor-element elementor-element-7906cca e-flex e-con-boxed e-con e-child\" data-id=\"7906cca\" data-element_type=\"container\" data-e-type=\"container\">\n\t\t\t\t\t<div class=\"e-con-inner\">\n\t\t\t\t<div class=\"elementor-element elementor-element-77832e0 elementor-widget elementor-widget-text-editor\" data-id=\"77832e0\" data-element_type=\"widget\" data-e-type=\"widget\" data-widget_type=\"text-editor.default\">\n\t\t\t\t<div class=\"elementor-widget-container\">\n\t\t\t\t\t\t\t\t\tDe este modo, dijo, las familias participan activamente en el sostenimiento econ\u00f3mico, edilicio y relacional. \u201cLa pedagog\u00eda propone la construcci\u00f3n social como soporte de las individualidades dentro de una comunidad\u201d, aclar\u00f3, para a\u00f1adir que los docentes mantienen reuniones cada jueves para nutrirse, observar, y compartir vivencias \u00e1ulicas con el fin de \u201cacompa\u00f1ar a la ni\u00f1ez de una manera m\u00e1s saludable y amorosa, enriquecida desde la construcci\u00f3n grupal\u201d.\n\n\t\t\t\t\t\t\t\t<\/div>\n\t\t\t\t<\/div>\n\t\t\t\t\t<\/div>\n\t\t\t\t<\/div>\n\t\t\t\t\t<\/div>\n\t\t\t\t<\/div>\n\t\t<div class=\"elementor-element elementor-element-178119f e-flex e-con-boxed e-con e-parent\" data-id=\"178119f\" data-element_type=\"container\" data-e-type=\"container\">\n\t\t\t\t\t<div class=\"e-con-inner\">\n\t\t<div class=\"elementor-element elementor-element-6ca6673 e-flex e-con-boxed e-con e-child\" data-id=\"6ca6673\" data-element_type=\"container\" data-e-type=\"container\">\n\t\t\t\t\t<div class=\"e-con-inner\">\n\t\t\t\t<div class=\"elementor-element elementor-element-c1d10c7 elementor-widget elementor-widget-image\" data-id=\"c1d10c7\" data-element_type=\"widget\" data-e-type=\"widget\" data-widget_type=\"image.default\">\n\t\t\t\t<div class=\"elementor-widget-container\">\n\t\t\t\t\t\t\t\t\t\t\t\t\t\t\t<img decoding=\"async\" width=\"1023\" height=\"682\" src=\"https:\/\/aguaribay.edu.ar\/escuela\/wp-content\/uploads\/2024\/04\/QOOPRWQSIVAKHJELNEDGWIVFT4.avif\" class=\"attachment-full size-full wp-image-770\" alt=\"\" \/>\t\t\t\t\t\t\t\t\t\t\t\t\t\t\t<\/div>\n\t\t\t\t<\/div>\n\t\t\t\t<div class=\"elementor-element elementor-element-3792909 elementor-widget elementor-widget-text-editor\" data-id=\"3792909\" data-element_type=\"widget\" data-e-type=\"widget\" data-widget_type=\"text-editor.default\">\n\t\t\t\t<div class=\"elementor-widget-container\">\n\t\t\t\t\t\t\t\t\tAprender la convivencia con la Madre Naturaleza. Foto: Orlando Pelichotti \/ Los Andes\n\t\t\t\t\t\t\t\t<\/div>\n\t\t\t\t<\/div>\n\t\t\t\t\t<\/div>\n\t\t\t\t<\/div>\n\t\t<div class=\"elementor-element elementor-element-edf5b70 e-flex e-con-boxed e-con e-child\" data-id=\"edf5b70\" data-element_type=\"container\" data-e-type=\"container\">\n\t\t\t\t\t<div class=\"e-con-inner\">\n\t\t\t\t<div class=\"elementor-element elementor-element-db15e66 elementor-widget elementor-widget-text-editor\" data-id=\"db15e66\" data-element_type=\"widget\" data-e-type=\"widget\" data-widget_type=\"text-editor.default\">\n\t\t\t\t<div class=\"elementor-widget-container\">\n\t\t\t\t\t\t\t\t\tTras aclarar que actualmente existe otra escuela Waldorf en Luj\u00e1n, denominada \u201cEstrella Andina\u201d y un impulso en el sur mendocino, \u201cVerde Cha\u00f1ar\u201d, sostuvo que hoy, la intenci\u00f3n como comunidad es consolidar los proyectos productivos que ayudan a sostener el espacio.\t\t\t\t\t\t\t\t<\/div>\n\t\t\t\t<\/div>\n\t\t\t\t\t<\/div>\n\t\t\t\t<\/div>\n\t\t\t\t\t<\/div>\n\t\t\t\t<\/div>\n\t\t<div class=\"elementor-element elementor-element-db4c4a5 e-flex e-con-boxed e-con e-parent\" data-id=\"db4c4a5\" data-element_type=\"container\" data-e-type=\"container\">\n\t\t\t\t\t<div class=\"e-con-inner\">\n\t\t<div class=\"elementor-element elementor-element-d4f79a8 e-flex e-con-boxed e-con e-child\" data-id=\"d4f79a8\" data-element_type=\"container\" data-e-type=\"container\">\n\t\t\t\t\t<div class=\"e-con-inner\">\n\t\t\t\t<div class=\"elementor-element elementor-element-4b25528 elementor-widget elementor-widget-text-editor\" data-id=\"4b25528\" data-element_type=\"widget\" data-e-type=\"widget\" data-widget_type=\"text-editor.default\">\n\t\t\t\t<div class=\"elementor-widget-container\">\n\t\t\t\t\t\t\t\t\t<p>\u201cEn lo pedag\u00f3gico estamos enfocados en poder generar viajes de estudios anuales, gestionar redes pedag\u00f3gicas con otros espacios educativos y especialistas, tanto a nivel nacional como internacional. Adem\u00e1s, formar parte de la federaci\u00f3n de escuelas Waldorf con la respectiva certificaci\u00f3n\u201d, advirti\u00f3.<\/p><p>Por su parte,<strong> Federico Pr\u00edncipi<\/strong>, integrante de la comisi\u00f3n directiva y pap\u00e1 de Ivo y de Aar\u00f3n, quienes concurren a la instituci\u00f3n, dijo a Los Andes que, desde sus or\u00edgenes, la pedagog\u00eda Waldorf se enfoc\u00f3 en una ense\u00f1anza de gesti\u00f3n comunitaria.<\/p><p>\u201cEs decir, la escuela es conducida por los propios padres y madres de los chicos que concurren. Estamos a cargo de todo lo que se refiere al d\u00eda a d\u00eda, construcci\u00f3n, mantenimiento, gesti\u00f3n econ\u00f3mica, ampliaciones. Es decir, todo lo llevamos a cabo de manera comunitaria, con lo cual se generan aportes para el mantenimiento econ\u00f3mico\u201d, dijo, para enumerar las aristas de esta particular forma de educar: pedagog\u00eda, gesti\u00f3n comunitaria y producci\u00f3n.<\/p>\t\t\t\t\t\t\t\t<\/div>\n\t\t\t\t<\/div>\n\t\t\t\t\t<\/div>\n\t\t\t\t<\/div>\n\t\t\t\t\t<\/div>\n\t\t\t\t<\/div>\n\t\t<div class=\"elementor-element elementor-element-6f15e77 e-flex e-con-boxed e-con e-parent\" data-id=\"6f15e77\" data-element_type=\"container\" data-e-type=\"container\">\n\t\t\t\t\t<div class=\"e-con-inner\">\n\t\t<div class=\"elementor-element elementor-element-b1ea1f4 e-flex e-con-boxed e-con e-child\" data-id=\"b1ea1f4\" data-element_type=\"container\" data-e-type=\"container\">\n\t\t\t\t\t<div class=\"e-con-inner\">\n\t\t\t\t<div class=\"elementor-element elementor-element-b5fae86 elementor-widget elementor-widget-text-editor\" data-id=\"b5fae86\" data-element_type=\"widget\" data-e-type=\"widget\" data-widget_type=\"text-editor.default\">\n\t\t\t\t<div class=\"elementor-widget-container\">\n\t\t\t\t\t\t\t\t\t<p>\u201cEn este \u00faltimo aspecto elaboramos productos tratando siempre de mantener la calidad al m\u00e1ximo nivel. Nos movemos en distintas comisiones que nos permiten un orden, como econom\u00eda, gesti\u00f3n, infraestructura y eventos, entre otros\u201d, puntualiz\u00f3.<\/p><p>Como pap\u00e1 de la comunidad Waldorf, Federico remarc\u00f3 que los motivos para incorporar a sus hijos en este sistema son numerosos.<\/p>\t\t\t\t\t\t\t\t<\/div>\n\t\t\t\t<\/div>\n\t\t\t\t\t<\/div>\n\t\t\t\t<\/div>\n\t\t<div class=\"elementor-element elementor-element-0a317c6 e-flex e-con-boxed e-con e-child\" data-id=\"0a317c6\" data-element_type=\"container\" data-e-type=\"container\">\n\t\t\t\t\t<div class=\"e-con-inner\">\n\t\t\t\t<div class=\"elementor-element elementor-element-2370548 elementor-widget elementor-widget-image\" data-id=\"2370548\" data-element_type=\"widget\" data-e-type=\"widget\" data-widget_type=\"image.default\">\n\t\t\t\t<div class=\"elementor-widget-container\">\n\t\t\t\t\t\t\t\t\t\t\t\t\t\t\t<img loading=\"lazy\" decoding=\"async\" width=\"1023\" height=\"682\" src=\"https:\/\/aguaribay.edu.ar\/escuela\/wp-content\/uploads\/2024\/04\/RG3KB63ZLBATHBQZGJSS25MMFI-1.webp\" class=\"attachment-full size-full wp-image-906\" alt=\"\" srcset=\"https:\/\/aguaribay.edu.ar\/escuela\/wp-content\/uploads\/2024\/04\/RG3KB63ZLBATHBQZGJSS25MMFI-1.webp 1023w, https:\/\/aguaribay.edu.ar\/escuela\/wp-content\/uploads\/2024\/04\/RG3KB63ZLBATHBQZGJSS25MMFI-1-300x200.webp 300w, https:\/\/aguaribay.edu.ar\/escuela\/wp-content\/uploads\/2024\/04\/RG3KB63ZLBATHBQZGJSS25MMFI-1-768x512.webp 768w\" sizes=\"(max-width: 1023px) 100vw, 1023px\" \/>\t\t\t\t\t\t\t\t\t\t\t\t\t\t\t<\/div>\n\t\t\t\t<\/div>\n\t\t\t\t<div class=\"elementor-element elementor-element-310d003 elementor-widget elementor-widget-text-editor\" data-id=\"310d003\" data-element_type=\"widget\" data-e-type=\"widget\" data-widget_type=\"text-editor.default\">\n\t\t\t\t<div class=\"elementor-widget-container\">\n\t\t\t\t\t\t\t\t\tLa ense\u00f1anza de gesti\u00f3n comunitaria, es aplicada en cada jornada. Los padres en plena producci\u00f3n de salsas y conservas. Foto: Orlando Pelichotti\n\t\t\t\t\t\t\t\t<\/div>\n\t\t\t\t<\/div>\n\t\t\t\t\t<\/div>\n\t\t\t\t<\/div>\n\t\t\t\t\t<\/div>\n\t\t\t\t<\/div>\n\t\t<div class=\"elementor-element elementor-element-17c3cd1 e-flex e-con-boxed e-con e-parent\" data-id=\"17c3cd1\" data-element_type=\"container\" data-e-type=\"container\">\n\t\t\t\t\t<div class=\"e-con-inner\">\n\t\t<div class=\"elementor-element elementor-element-4aa914f e-flex e-con-boxed e-con e-child\" data-id=\"4aa914f\" data-element_type=\"container\" data-e-type=\"container\">\n\t\t\t\t\t<div class=\"e-con-inner\">\n\t\t\t\t<div class=\"elementor-element elementor-element-1e31613 elementor-widget elementor-widget-text-editor\" data-id=\"1e31613\" data-element_type=\"widget\" data-e-type=\"widget\" data-widget_type=\"text-editor.default\">\n\t\t\t\t<div class=\"elementor-widget-container\">\n\t\t\t\t\t\t\t\t\t<p>\u201cEs una escuela que si bien nos queda alejada de casa, la seguimos eligiendo cada d\u00eda porque <strong>los procesos de las infancias se respetan;se cuida el crecimiento de los ni\u00f1os,<\/strong> desde su mente, su alma, su esp\u00edriru, su visi\u00f3n, sus sentires. Se los acompa\u00f1a desde cada proceso\u201d, cit\u00f3. Tambi\u00e9n dijo que la experiencia comunitaria es maravillosa porque los ni\u00f1os aprenden viendo a sus padres trabajando a la par de otros en pos del colegio.<\/p><p>\u201cEsto forma una comunidad y un coraz\u00f3n. <strong>Creo que lo tenemos e Aguaribay no se encuentra en todos lados<\/strong>\u201d, sostuvo.<\/p><p>Finalmente, record\u00f3 que si bien la instituci\u00f3n naci\u00f3 con el fin de ser una instituci\u00f3n p\u00fablica, \u201cno es de nadie\u201d.<\/p><p>\u201cPara la DGE <strong>entra en el rango de escuela privada, pero en realidad pertenece a la comunidad<\/strong>, no tiene un due\u00f1o. Insisto, la gesti\u00f3n econ\u00f3mica se da a trav\u00e9s del ejercicio fraterno. Mantenemos la escuela con aportes fraternos, de modo que todos colaboramos y armamos la valoraci\u00f3n y el presupuesto general que se se completa con horas comunitarias\u201d, explic\u00f3.<\/p>\t\t\t\t\t\t\t\t<\/div>\n\t\t\t\t<\/div>\n\t\t\t\t\t<\/div>\n\t\t\t\t<\/div>\n\t\t\t\t\t<\/div>\n\t\t\t\t<\/div>\n\t\t<div class=\"elementor-element elementor-element-5f2be64 e-flex e-con-boxed e-con e-parent\" data-id=\"5f2be64\" data-element_type=\"container\" data-e-type=\"container\">\n\t\t\t\t\t<div class=\"e-con-inner\">\n\t\t<div class=\"elementor-element elementor-element-55dfbc9 e-flex e-con-boxed e-con e-child\" data-id=\"55dfbc9\" data-element_type=\"container\" data-e-type=\"container\">\n\t\t\t\t\t<div class=\"e-con-inner\">\n\t\t\t\t<div class=\"elementor-element elementor-element-f35c5b3 elementor-widget elementor-widget-image\" data-id=\"f35c5b3\" data-element_type=\"widget\" data-e-type=\"widget\" data-widget_type=\"image.default\">\n\t\t\t\t<div class=\"elementor-widget-container\">\n\t\t\t\t\t\t\t\t\t\t\t\t\t\t\t<img loading=\"lazy\" decoding=\"async\" width=\"1023\" height=\"682\" src=\"https:\/\/aguaribay.edu.ar\/escuela\/wp-content\/uploads\/2024\/04\/RAMWORN76RH2XFEB4O2PE26GT4.avif\" class=\"attachment-full size-full wp-image-910\" alt=\"\" \/>\t\t\t\t\t\t\t\t\t\t\t\t\t\t\t<\/div>\n\t\t\t\t<\/div>\n\t\t\t\t<div class=\"elementor-element elementor-element-1bec557 elementor-widget elementor-widget-text-editor\" data-id=\"1bec557\" data-element_type=\"widget\" data-e-type=\"widget\" data-widget_type=\"text-editor.default\">\n\t\t\t\t<div class=\"elementor-widget-container\">\n\t\t\t\t\t\t\t\t\tAdorando al sol. En el alba, toda la comunidad de la Escuela Aguaribay, agradece a la vida, antes de comenzar su jornada. Foto: Orlando Pelichotti\n\t\t\t\t\t\t\t\t<\/div>\n\t\t\t\t<\/div>\n\t\t\t\t\t<\/div>\n\t\t\t\t<\/div>\n\t\t<div class=\"elementor-element elementor-element-c9b253a e-flex e-con-boxed e-con e-child\" data-id=\"c9b253a\" data-element_type=\"container\" data-e-type=\"container\">\n\t\t\t\t\t<div class=\"e-con-inner\">\n\t\t\t\t<div class=\"elementor-element elementor-element-b40143e elementor-widget elementor-widget-image\" data-id=\"b40143e\" data-element_type=\"widget\" data-e-type=\"widget\" data-widget_type=\"image.default\">\n\t\t\t\t<div class=\"elementor-widget-container\">\n\t\t\t\t\t\t\t\t\t\t\t\t\t\t\t<img loading=\"lazy\" decoding=\"async\" width=\"1023\" height=\"681\" src=\"https:\/\/aguaribay.edu.ar\/escuela\/wp-content\/uploads\/2024\/04\/KV3LOP64W5HX7LGKVT7GDCZRUI.avif\" class=\"attachment-full size-full wp-image-911\" alt=\"\" \/>\t\t\t\t\t\t\t\t\t\t\t\t\t\t\t<\/div>\n\t\t\t\t<\/div>\n\t\t\t\t<div class=\"elementor-element elementor-element-09ae60e elementor-widget elementor-widget-text-editor\" data-id=\"09ae60e\" data-element_type=\"widget\" data-e-type=\"widget\" data-widget_type=\"text-editor.default\">\n\t\t\t\t<div class=\"elementor-widget-container\">\n\t\t\t\t\t\t\t\t\tIluminar y amar. El respeto por los intengrantes del grupo es fundamental a la hora del aprendizaje. Foto: Orlando Pelichotti\n\t\t\t\t\t\t\t\t<\/div>\n\t\t\t\t<\/div>\n\t\t\t\t\t<\/div>\n\t\t\t\t<\/div>\n\t\t\t\t\t<\/div>\n\t\t\t\t<\/div>\n\t\t<div class=\"elementor-element elementor-element-526b9b7 e-flex e-con-boxed e-con e-parent\" data-id=\"526b9b7\" data-element_type=\"container\" data-e-type=\"container\">\n\t\t\t\t\t<div class=\"e-con-inner\">\n\t\t<div class=\"elementor-element elementor-element-0a8535d e-flex e-con-boxed e-con e-child\" data-id=\"0a8535d\" data-element_type=\"container\" data-e-type=\"container\">\n\t\t\t\t\t<div class=\"e-con-inner\">\n\t\t\t\t<div class=\"elementor-element elementor-element-37ce713 elementor-widget elementor-widget-heading\" data-id=\"37ce713\" data-element_type=\"widget\" data-e-type=\"widget\" data-widget_type=\"heading.default\">\n\t\t\t\t<div class=\"elementor-widget-container\">\n\t\t\t\t\t<h2 class=\"elementor-heading-title elementor-size-default\">DIFERENCIAS CON OTROS ESTABLECIMIENTOS<\/h2>\t\t\t\t<\/div>\n\t\t\t\t<\/div>\n\t\t\t\t\t<\/div>\n\t\t\t\t<\/div>\n\t\t\t\t\t<\/div>\n\t\t\t\t<\/div>\n\t\t<div class=\"elementor-element elementor-element-9e35c06 e-flex e-con-boxed e-con e-parent\" data-id=\"9e35c06\" data-element_type=\"container\" data-e-type=\"container\">\n\t\t\t\t\t<div class=\"e-con-inner\">\n\t\t<div class=\"elementor-element elementor-element-66a75c0 e-flex e-con-boxed e-con e-child\" data-id=\"66a75c0\" data-element_type=\"container\" data-e-type=\"container\">\n\t\t\t\t\t<div class=\"e-con-inner\">\n\t\t\t\t<div class=\"elementor-element elementor-element-9b70dbb elementor-widget elementor-widget-text-editor\" data-id=\"9b70dbb\" data-element_type=\"widget\" data-e-type=\"widget\" data-widget_type=\"text-editor.default\">\n\t\t\t\t<div class=\"elementor-widget-container\">\n\t\t\t\t\t\t\t\t\t<p><strong>Juan Dansey Bunge<\/strong>, presidente de la asociaci\u00f3n civil, aclar\u00f3 que la escuela se diferencia de otras en cuanto a su pedagog\u00eda y el tipo de organizaci\u00f3n.<\/p><p>\u201cLa pedagog\u00eda con la que trabajamos, Waldorf, viene de la antroposof\u00eda gestada por Rudolf Stainer en Alemania, a principios del siglo pasado\u201d, se remont\u00f3, para agregar que se trata de una organizaci\u00f3n autogestiva con gesti\u00f3n social.<\/p><p>\u201cNuestra figura legal se denomina Asociaci\u00f3n Civil Familias de mi Tierra y figuramos en la DGE dentro de la educaci\u00f3n privada. <strong>Como familias sostenemos todo lo institucional, es decir, comunicaci\u00f3n, administraci\u00f3n, econom\u00eda, infraestructura, eventos, etc.<\/strong> Y para eso estamos perfectamente organizado en comisiones encarg\u00e1ndonos de distintas \u00e1reas\u201d, resumi\u00f3.<\/p><p>Detall\u00f3 que se rigen por una econom\u00eda fraterna, es decir, los aportes econ\u00f3micos de cada familia son variados y ajustados a las posibilidades particulares.<\/p><p>\u201cConceptualmente no aportamos para la educaci\u00f3n de nuestros ni\u00f1os, sino que nuestro aporte va dirigido al sostenimiento y desarrollo de la organizaci\u00f3n\u201d, aclar\u00f3.<\/p><p>Claro que, que con los aportes econ\u00f3micos, no se cubre el presupuesto. \u201cPor eso para lograr saldar ese d\u00e9ficit hacemos eventos, gestiones y productos\u201d, insisti\u00f3. Por ejemplo, se elaboran salsa de tomate, hiervas para infusiones, fraccionamiento de miel, chucrut, empanadas y otros derivados.<\/p><p>\u201cEste a\u00f1o tenemos programados varios eventos. Para concretar esas gestiones recurrimos a entidades privadas que nos permiten obtener materiales donados\u201d, dijo.<\/p>\t\t\t\t\t\t\t\t<\/div>\n\t\t\t\t<\/div>\n\t\t\t\t\t<\/div>\n\t\t\t\t<\/div>\n\t\t<div class=\"elementor-element elementor-element-c3e4dcf e-flex e-con-boxed e-con e-child\" data-id=\"c3e4dcf\" data-element_type=\"container\" data-e-type=\"container\" data-settings=\"{&quot;sticky&quot;:&quot;top&quot;,&quot;sticky_on&quot;:[&quot;desktop&quot;,&quot;tablet&quot;],&quot;sticky_offset_tablet&quot;:20,&quot;sticky_effects_offset_tablet&quot;:0,&quot;sticky_parent&quot;:&quot;yes&quot;,&quot;sticky_offset&quot;:0,&quot;sticky_effects_offset&quot;:0,&quot;sticky_anchor_link_offset&quot;:0}\">\n\t\t\t\t\t<div class=\"e-con-inner\">\n\t\t\t\t<div class=\"elementor-element elementor-element-4e8aa8f elementor-widget elementor-widget-image\" data-id=\"4e8aa8f\" data-element_type=\"widget\" data-e-type=\"widget\" data-widget_type=\"image.default\">\n\t\t\t\t<div class=\"elementor-widget-container\">\n\t\t\t\t\t\t\t\t\t\t\t\t\t\t\t<img loading=\"lazy\" decoding=\"async\" width=\"1023\" height=\"682\" src=\"https:\/\/aguaribay.edu.ar\/escuela\/wp-content\/uploads\/2024\/04\/4QHKPXD2ZBDVPHQQMDSBJQ4QXM.avif\" class=\"attachment-full size-full wp-image-913\" alt=\"\" \/>\t\t\t\t\t\t\t\t\t\t\t\t\t\t\t<\/div>\n\t\t\t\t<\/div>\n\t\t\t\t<div class=\"elementor-element elementor-element-540577b elementor-widget elementor-widget-text-editor\" data-id=\"540577b\" data-element_type=\"widget\" data-e-type=\"widget\" data-widget_type=\"text-editor.default\">\n\t\t\t\t<div class=\"elementor-widget-container\">\n\t\t\t\t\t\t\t\t\tUn grupo de estudiantes de Estados Unidos, visitaron la escuela e intercambiaron vivencias. Foto: Orlando Pelichotti\n\t\t\t\t\t\t\t\t<\/div>\n\t\t\t\t<\/div>\n\t\t\t\t<div class=\"elementor-element elementor-element-50db7ad elementor-widget elementor-widget-image\" data-id=\"50db7ad\" data-element_type=\"widget\" data-e-type=\"widget\" data-widget_type=\"image.default\">\n\t\t\t\t<div class=\"elementor-widget-container\">\n\t\t\t\t\t\t\t\t\t\t\t\t\t\t\t<img loading=\"lazy\" decoding=\"async\" width=\"1023\" height=\"682\" src=\"https:\/\/aguaribay.edu.ar\/escuela\/wp-content\/uploads\/2024\/04\/RUAZLK2RENATJCDK4SNJY6D5KA.avif\" class=\"attachment-full size-full wp-image-912\" alt=\"\" \/>\t\t\t\t\t\t\t\t\t\t\t\t\t\t\t<\/div>\n\t\t\t\t<\/div>\n\t\t\t\t<div class=\"elementor-element elementor-element-9b166ff elementor-widget elementor-widget-text-editor\" data-id=\"9b166ff\" data-element_type=\"widget\" data-e-type=\"widget\" data-widget_type=\"text-editor.default\">\n\t\t\t\t<div class=\"elementor-widget-container\">\n\t\t\t\t\t\t\t\t\tBienvenida desde el alma&#8230; Foto: Orlando Pelichotti\n\t\t\t\t\t\t\t\t<\/div>\n\t\t\t\t<\/div>\n\t\t\t\t\t<\/div>\n\t\t\t\t<\/div>\n\t\t\t\t\t<\/div>\n\t\t\t\t<\/div>\n\t\t<div class=\"elementor-element elementor-element-c8c7e9d e-flex e-con-boxed e-con e-parent\" data-id=\"c8c7e9d\" data-element_type=\"container\" data-e-type=\"container\">\n\t\t\t\t\t<div class=\"e-con-inner\">\n\t\t<div class=\"elementor-element elementor-element-adbca25 e-flex e-con-boxed e-con e-child\" data-id=\"adbca25\" data-element_type=\"container\" data-e-type=\"container\">\n\t\t\t\t\t<div class=\"e-con-inner\">\n\t\t\t\t<div class=\"elementor-element elementor-element-0c47515 elementor-widget elementor-widget-heading\" data-id=\"0c47515\" data-element_type=\"widget\" data-e-type=\"widget\" data-widget_type=\"heading.default\">\n\t\t\t\t<div class=\"elementor-widget-container\">\n\t\t\t\t\t<h2 class=\"elementor-heading-title elementor-size-default\">HASTA S\u00c9PTIMO GRADO\n<\/h2>\t\t\t\t<\/div>\n\t\t\t\t<\/div>\n\t\t\t\t<div class=\"elementor-element elementor-element-d25f673 elementor-widget elementor-widget-text-editor\" data-id=\"d25f673\" data-element_type=\"widget\" data-e-type=\"widget\" data-widget_type=\"text-editor.default\">\n\t\t\t\t<div class=\"elementor-widget-container\">\n\t\t\t\t\t\t\t\t\t<p>El establecimiento dicta actualmente hasta el s\u00e9ptimo grado de la Primaria. <strong>Los ni\u00f1os egresan en las mismas condiciones legales que cualquier otro establecimiento por estar contemplado en la DGE.<\/strong><\/p><p><strong>\u201cNuestros ni\u00f1os nos ven trabajando fuera de horario, incluso los fines de semana, y esto crea una pertenencia distinta\u201d, <\/strong>apunt\u00f3. Asimismo, dijo, el grupo de maestros est\u00e1 involucrado de lleno en la organizaci\u00f3n y, de ese modo, se logra impregnar la pedagog\u00eda en la organizaci\u00f3n entera.<\/p><p>\u201cEsto es clave porque la escuela la hace la familia entera\u201d, concluy\u00f3.<\/p><p><strong>Nahuel D\u00edaz, pap\u00e1 de alumnos del colegio y tambi\u00e9n celador<\/strong>, sostuvo a Los Andes, metaf\u00f3ricamente, que suelo disfrutar \u201cc\u00f3mo se sonr\u00ede la idea de que lo que se hace para potenciar al una vida pac\u00edfica\u201d.<\/p><p><strong>\u201cAguaribay, en pocas palabras, es un asilo al coraz\u00f3n.<\/strong> Las familias, al igual que el sol, han plasmado luz en ese lugar. La antroposof\u00eda cumple un papel m\u00e1gico\u201d, relat\u00f3.<\/p><p>D\u00edaz hizo menci\u00f3n a relatos que suelen escucharse en los pasillos: \u201cElevando la mirada puedo sentir el animado sol humano en el c\u00e1lido latir del coraz\u00f3n. La luz del sol ilumina el d\u00eda para m\u00ed. El esp\u00edritu que late en mi alma otorga vigor a lo que hago\u201d.<\/p><p>Concluy\u00f3: \u201cQuien al alma del habla escucha, el mundo se abre\u201d.<\/p>\t\t\t\t\t\t\t\t<\/div>\n\t\t\t\t<\/div>\n\t\t\t\t<div class=\"elementor-element elementor-element-37d0d71 elementor-widget elementor-widget-text-editor\" data-id=\"37d0d71\" data-element_type=\"widget\" data-e-type=\"widget\" data-widget_type=\"text-editor.default\">\n\t\t\t\t<div class=\"elementor-widget-container\">\n\t\t\t\t\t\t\t\t\t<p><b>D\u00f3nde informarse:\u00a0<\/b><a href=\"http:\/\/www.aguaribay.edu.ar\/\">Www.aguaribay.edu.ar<\/a>\u00a0\/\u00a0<a href=\"http:\/\/www.familiasdemirierra.org.ar\/\" target=\"_blank\" rel=\"noopener\">Www.familiasdemirierra.org.ar<\/a><\/p>\t\t\t\t\t\t\t\t<\/div>\n\t\t\t\t<\/div>\n\t\t\t\t\t<\/div>\n\t\t\t\t<\/div>\n\t\t\t\t\t<\/div>\n\t\t\t\t<\/div>\n\t\t\t\t<\/div>\n\t\t","protected":false},"excerpt":{"rendered":"<p>Orientada a este tipo de pedagog\u00eda que naci\u00f3 luego de la Primera Guerra Mundial, el establecimiento se rige a trav\u00e9s de una econom\u00eda fraterna y el aporte familiar a partir de tareas comunitarias y tambi\u00e9n productivas.<\/p>\n","protected":false},"author":2,"featured_media":752,"comment_status":"open","ping_status":"open","sticky":false,"template":"","format":"standard","meta":{"_acf_changed":false,"footnotes":""},"categories":[1],"tags":[],"class_list":["post-751","post","type-post","status-publish","format-standard","has-post-thumbnail","hentry","category-sin-categoria"],"acf":[],"yoast_head":"<!-- This site is optimized with the Yoast SEO plugin v27.0 - https:\/\/yoast.com\/product\/yoast-seo-wordpress\/ -->\n<title>Waldorf. Una escuela en Maip\u00fa que crece con su particular forma de ense\u00f1ar - Escuela Aguaribay<\/title>\n<meta name=\"robots\" content=\"index, follow, max-snippet:-1, max-image-preview:large, max-video-preview:-1\" \/>\n<link rel=\"canonical\" href=\"https:\/\/aguaribay.edu.ar\/escuela\/waldorf-una-escuela-en-maipu-que-crece-con-su-particular-forma-de-ensenar\/\" \/>\n<meta property=\"og:locale\" content=\"es_ES\" \/>\n<meta property=\"og:type\" content=\"article\" \/>\n<meta property=\"og:title\" content=\"Waldorf. Una escuela en Maip\u00fa que crece con su particular forma de ense\u00f1ar - Escuela Aguaribay\" \/>\n<meta property=\"og:description\" content=\"Orientada a este tipo de pedagog\u00eda que naci\u00f3 luego de la Primera Guerra Mundial, el establecimiento se rige a trav\u00e9s de una econom\u00eda fraterna y el aporte familiar a partir de tareas comunitarias y tambi\u00e9n productivas.\" \/>\n<meta property=\"og:url\" content=\"https:\/\/aguaribay.edu.ar\/escuela\/waldorf-una-escuela-en-maipu-que-crece-con-su-particular-forma-de-ensenar\/\" \/>\n<meta property=\"og:site_name\" content=\"Escuela Aguaribay\" \/>\n<meta property=\"article:published_time\" content=\"2024-04-08T18:24:42+00:00\" \/>\n<meta property=\"article:modified_time\" content=\"2024-05-24T12:47:19+00:00\" \/>\n<meta name=\"author\" content=\"WPAguaribayAdm\" \/>\n<meta name=\"twitter:card\" content=\"summary_large_image\" \/>\n<meta name=\"twitter:label1\" content=\"Escrito por\" \/>\n\t<meta name=\"twitter:data1\" content=\"WPAguaribayAdm\" \/>\n\t<meta name=\"twitter:label2\" content=\"Tiempo de lectura\" \/>\n\t<meta name=\"twitter:data2\" content=\"8 minutos\" \/>\n<script type=\"application\/ld+json\" class=\"yoast-schema-graph\">{\"@context\":\"https:\/\/schema.org\",\"@graph\":[{\"@type\":\"Article\",\"@id\":\"https:\/\/aguaribay.edu.ar\/escuela\/waldorf-una-escuela-en-maipu-que-crece-con-su-particular-forma-de-ensenar\/#article\",\"isPartOf\":{\"@id\":\"https:\/\/aguaribay.edu.ar\/escuela\/waldorf-una-escuela-en-maipu-que-crece-con-su-particular-forma-de-ensenar\/\"},\"author\":{\"name\":\"WPAguaribayAdm\",\"@id\":\"https:\/\/aguaribay.edu.ar\/escuela\/#\/schema\/person\/d14e12de6f155b3de5973a480c2e2ebf\"},\"headline\":\"Waldorf. Una escuela en Maip\u00fa que crece con su particular forma de ense\u00f1ar\",\"datePublished\":\"2024-04-08T18:24:42+00:00\",\"dateModified\":\"2024-05-24T12:47:19+00:00\",\"mainEntityOfPage\":{\"@id\":\"https:\/\/aguaribay.edu.ar\/escuela\/waldorf-una-escuela-en-maipu-que-crece-con-su-particular-forma-de-ensenar\/\"},\"wordCount\":1456,\"commentCount\":0,\"publisher\":{\"@id\":\"https:\/\/aguaribay.edu.ar\/escuela\/#organization\"},\"image\":{\"@id\":\"https:\/\/aguaribay.edu.ar\/escuela\/waldorf-una-escuela-en-maipu-que-crece-con-su-particular-forma-de-ensenar\/#primaryimage\"},\"thumbnailUrl\":\"https:\/\/aguaribay.edu.ar\/escuela\/wp-content\/uploads\/2024\/04\/D3FO6P3RARGZVAJMEJ3RXZ7VIQ.avif\",\"inLanguage\":\"es\",\"potentialAction\":[{\"@type\":\"CommentAction\",\"name\":\"Comment\",\"target\":[\"https:\/\/aguaribay.edu.ar\/escuela\/waldorf-una-escuela-en-maipu-que-crece-con-su-particular-forma-de-ensenar\/#respond\"]}]},{\"@type\":\"WebPage\",\"@id\":\"https:\/\/aguaribay.edu.ar\/escuela\/waldorf-una-escuela-en-maipu-que-crece-con-su-particular-forma-de-ensenar\/\",\"url\":\"https:\/\/aguaribay.edu.ar\/escuela\/waldorf-una-escuela-en-maipu-que-crece-con-su-particular-forma-de-ensenar\/\",\"name\":\"Waldorf. Una escuela en Maip\u00fa que crece con su particular forma de ense\u00f1ar - Escuela Aguaribay\",\"isPartOf\":{\"@id\":\"https:\/\/aguaribay.edu.ar\/escuela\/#website\"},\"primaryImageOfPage\":{\"@id\":\"https:\/\/aguaribay.edu.ar\/escuela\/waldorf-una-escuela-en-maipu-que-crece-con-su-particular-forma-de-ensenar\/#primaryimage\"},\"image\":{\"@id\":\"https:\/\/aguaribay.edu.ar\/escuela\/waldorf-una-escuela-en-maipu-que-crece-con-su-particular-forma-de-ensenar\/#primaryimage\"},\"thumbnailUrl\":\"https:\/\/aguaribay.edu.ar\/escuela\/wp-content\/uploads\/2024\/04\/D3FO6P3RARGZVAJMEJ3RXZ7VIQ.avif\",\"datePublished\":\"2024-04-08T18:24:42+00:00\",\"dateModified\":\"2024-05-24T12:47:19+00:00\",\"inLanguage\":\"es\",\"potentialAction\":[{\"@type\":\"ReadAction\",\"target\":[\"https:\/\/aguaribay.edu.ar\/escuela\/waldorf-una-escuela-en-maipu-que-crece-con-su-particular-forma-de-ensenar\/\"]}]},{\"@type\":\"ImageObject\",\"inLanguage\":\"es\",\"@id\":\"https:\/\/aguaribay.edu.ar\/escuela\/waldorf-una-escuela-en-maipu-que-crece-con-su-particular-forma-de-ensenar\/#primaryimage\",\"url\":\"https:\/\/aguaribay.edu.ar\/escuela\/wp-content\/uploads\/2024\/04\/D3FO6P3RARGZVAJMEJ3RXZ7VIQ.avif\",\"contentUrl\":\"https:\/\/aguaribay.edu.ar\/escuela\/wp-content\/uploads\/2024\/04\/D3FO6P3RARGZVAJMEJ3RXZ7VIQ.avif\",\"width\":980,\"height\":640},{\"@type\":\"WebSite\",\"@id\":\"https:\/\/aguaribay.edu.ar\/escuela\/#website\",\"url\":\"https:\/\/aguaribay.edu.ar\/escuela\/\",\"name\":\"Escuela Aguaribay\",\"description\":\"Sitio institucional Escuela Aguaribay\",\"publisher\":{\"@id\":\"https:\/\/aguaribay.edu.ar\/escuela\/#organization\"},\"potentialAction\":[{\"@type\":\"SearchAction\",\"target\":{\"@type\":\"EntryPoint\",\"urlTemplate\":\"https:\/\/aguaribay.edu.ar\/escuela\/?s={search_term_string}\"},\"query-input\":{\"@type\":\"PropertyValueSpecification\",\"valueRequired\":true,\"valueName\":\"search_term_string\"}}],\"inLanguage\":\"es\"},{\"@type\":\"Organization\",\"@id\":\"https:\/\/aguaribay.edu.ar\/escuela\/#organization\",\"name\":\"Escuela Aguaribay\",\"url\":\"https:\/\/aguaribay.edu.ar\/escuela\/\",\"logo\":{\"@type\":\"ImageObject\",\"inLanguage\":\"es\",\"@id\":\"https:\/\/aguaribay.edu.ar\/escuela\/#\/schema\/logo\/image\/\",\"url\":\"https:\/\/aguaribay.edu.ar\/escuela\/wp-content\/uploads\/2023\/09\/Logo-aguaribay.png\",\"contentUrl\":\"https:\/\/aguaribay.edu.ar\/escuela\/wp-content\/uploads\/2023\/09\/Logo-aguaribay.png\",\"width\":500,\"height\":500,\"caption\":\"Escuela Aguaribay\"},\"image\":{\"@id\":\"https:\/\/aguaribay.edu.ar\/escuela\/#\/schema\/logo\/image\/\"},\"sameAs\":[\"https:\/\/www.instagram.com\/escuela_aguaribay\/?hl=es-la\"]},{\"@type\":\"Person\",\"@id\":\"https:\/\/aguaribay.edu.ar\/escuela\/#\/schema\/person\/d14e12de6f155b3de5973a480c2e2ebf\",\"name\":\"WPAguaribayAdm\",\"image\":{\"@type\":\"ImageObject\",\"inLanguage\":\"es\",\"@id\":\"https:\/\/aguaribay.edu.ar\/escuela\/#\/schema\/person\/image\/\",\"url\":\"https:\/\/secure.gravatar.com\/avatar\/0cd5fd79eed2253e76fa1bf7f5e5085530a59bbed24c7bc008c281691732a331?s=96&d=mm&r=g\",\"contentUrl\":\"https:\/\/secure.gravatar.com\/avatar\/0cd5fd79eed2253e76fa1bf7f5e5085530a59bbed24c7bc008c281691732a331?s=96&d=mm&r=g\",\"caption\":\"WPAguaribayAdm\"},\"url\":\"https:\/\/aguaribay.edu.ar\/escuela\/author\/c1382346\/\"}]}<\/script>\n<!-- \/ Yoast SEO plugin. -->","yoast_head_json":{"title":"Waldorf. Una escuela en Maip\u00fa que crece con su particular forma de ense\u00f1ar - Escuela Aguaribay","robots":{"index":"index","follow":"follow","max-snippet":"max-snippet:-1","max-image-preview":"max-image-preview:large","max-video-preview":"max-video-preview:-1"},"canonical":"https:\/\/aguaribay.edu.ar\/escuela\/waldorf-una-escuela-en-maipu-que-crece-con-su-particular-forma-de-ensenar\/","og_locale":"es_ES","og_type":"article","og_title":"Waldorf. Una escuela en Maip\u00fa que crece con su particular forma de ense\u00f1ar - Escuela Aguaribay","og_description":"Orientada a este tipo de pedagog\u00eda que naci\u00f3 luego de la Primera Guerra Mundial, el establecimiento se rige a trav\u00e9s de una econom\u00eda fraterna y el aporte familiar a partir de tareas comunitarias y tambi\u00e9n productivas.","og_url":"https:\/\/aguaribay.edu.ar\/escuela\/waldorf-una-escuela-en-maipu-que-crece-con-su-particular-forma-de-ensenar\/","og_site_name":"Escuela Aguaribay","article_published_time":"2024-04-08T18:24:42+00:00","article_modified_time":"2024-05-24T12:47:19+00:00","author":"WPAguaribayAdm","twitter_card":"summary_large_image","twitter_misc":{"Escrito por":"WPAguaribayAdm","Tiempo de lectura":"8 minutos"},"schema":{"@context":"https:\/\/schema.org","@graph":[{"@type":"Article","@id":"https:\/\/aguaribay.edu.ar\/escuela\/waldorf-una-escuela-en-maipu-que-crece-con-su-particular-forma-de-ensenar\/#article","isPartOf":{"@id":"https:\/\/aguaribay.edu.ar\/escuela\/waldorf-una-escuela-en-maipu-que-crece-con-su-particular-forma-de-ensenar\/"},"author":{"name":"WPAguaribayAdm","@id":"https:\/\/aguaribay.edu.ar\/escuela\/#\/schema\/person\/d14e12de6f155b3de5973a480c2e2ebf"},"headline":"Waldorf. Una escuela en Maip\u00fa que crece con su particular forma de ense\u00f1ar","datePublished":"2024-04-08T18:24:42+00:00","dateModified":"2024-05-24T12:47:19+00:00","mainEntityOfPage":{"@id":"https:\/\/aguaribay.edu.ar\/escuela\/waldorf-una-escuela-en-maipu-que-crece-con-su-particular-forma-de-ensenar\/"},"wordCount":1456,"commentCount":0,"publisher":{"@id":"https:\/\/aguaribay.edu.ar\/escuela\/#organization"},"image":{"@id":"https:\/\/aguaribay.edu.ar\/escuela\/waldorf-una-escuela-en-maipu-que-crece-con-su-particular-forma-de-ensenar\/#primaryimage"},"thumbnailUrl":"https:\/\/aguaribay.edu.ar\/escuela\/wp-content\/uploads\/2024\/04\/D3FO6P3RARGZVAJMEJ3RXZ7VIQ.avif","inLanguage":"es","potentialAction":[{"@type":"CommentAction","name":"Comment","target":["https:\/\/aguaribay.edu.ar\/escuela\/waldorf-una-escuela-en-maipu-que-crece-con-su-particular-forma-de-ensenar\/#respond"]}]},{"@type":"WebPage","@id":"https:\/\/aguaribay.edu.ar\/escuela\/waldorf-una-escuela-en-maipu-que-crece-con-su-particular-forma-de-ensenar\/","url":"https:\/\/aguaribay.edu.ar\/escuela\/waldorf-una-escuela-en-maipu-que-crece-con-su-particular-forma-de-ensenar\/","name":"Waldorf. Una escuela en Maip\u00fa que crece con su particular forma de ense\u00f1ar - Escuela Aguaribay","isPartOf":{"@id":"https:\/\/aguaribay.edu.ar\/escuela\/#website"},"primaryImageOfPage":{"@id":"https:\/\/aguaribay.edu.ar\/escuela\/waldorf-una-escuela-en-maipu-que-crece-con-su-particular-forma-de-ensenar\/#primaryimage"},"image":{"@id":"https:\/\/aguaribay.edu.ar\/escuela\/waldorf-una-escuela-en-maipu-que-crece-con-su-particular-forma-de-ensenar\/#primaryimage"},"thumbnailUrl":"https:\/\/aguaribay.edu.ar\/escuela\/wp-content\/uploads\/2024\/04\/D3FO6P3RARGZVAJMEJ3RXZ7VIQ.avif","datePublished":"2024-04-08T18:24:42+00:00","dateModified":"2024-05-24T12:47:19+00:00","inLanguage":"es","potentialAction":[{"@type":"ReadAction","target":["https:\/\/aguaribay.edu.ar\/escuela\/waldorf-una-escuela-en-maipu-que-crece-con-su-particular-forma-de-ensenar\/"]}]},{"@type":"ImageObject","inLanguage":"es","@id":"https:\/\/aguaribay.edu.ar\/escuela\/waldorf-una-escuela-en-maipu-que-crece-con-su-particular-forma-de-ensenar\/#primaryimage","url":"https:\/\/aguaribay.edu.ar\/escuela\/wp-content\/uploads\/2024\/04\/D3FO6P3RARGZVAJMEJ3RXZ7VIQ.avif","contentUrl":"https:\/\/aguaribay.edu.ar\/escuela\/wp-content\/uploads\/2024\/04\/D3FO6P3RARGZVAJMEJ3RXZ7VIQ.avif","width":980,"height":640},{"@type":"WebSite","@id":"https:\/\/aguaribay.edu.ar\/escuela\/#website","url":"https:\/\/aguaribay.edu.ar\/escuela\/","name":"Escuela Aguaribay","description":"Sitio institucional Escuela Aguaribay","publisher":{"@id":"https:\/\/aguaribay.edu.ar\/escuela\/#organization"},"potentialAction":[{"@type":"SearchAction","target":{"@type":"EntryPoint","urlTemplate":"https:\/\/aguaribay.edu.ar\/escuela\/?s={search_term_string}"},"query-input":{"@type":"PropertyValueSpecification","valueRequired":true,"valueName":"search_term_string"}}],"inLanguage":"es"},{"@type":"Organization","@id":"https:\/\/aguaribay.edu.ar\/escuela\/#organization","name":"Escuela Aguaribay","url":"https:\/\/aguaribay.edu.ar\/escuela\/","logo":{"@type":"ImageObject","inLanguage":"es","@id":"https:\/\/aguaribay.edu.ar\/escuela\/#\/schema\/logo\/image\/","url":"https:\/\/aguaribay.edu.ar\/escuela\/wp-content\/uploads\/2023\/09\/Logo-aguaribay.png","contentUrl":"https:\/\/aguaribay.edu.ar\/escuela\/wp-content\/uploads\/2023\/09\/Logo-aguaribay.png","width":500,"height":500,"caption":"Escuela Aguaribay"},"image":{"@id":"https:\/\/aguaribay.edu.ar\/escuela\/#\/schema\/logo\/image\/"},"sameAs":["https:\/\/www.instagram.com\/escuela_aguaribay\/?hl=es-la"]},{"@type":"Person","@id":"https:\/\/aguaribay.edu.ar\/escuela\/#\/schema\/person\/d14e12de6f155b3de5973a480c2e2ebf","name":"WPAguaribayAdm","image":{"@type":"ImageObject","inLanguage":"es","@id":"https:\/\/aguaribay.edu.ar\/escuela\/#\/schema\/person\/image\/","url":"https:\/\/secure.gravatar.com\/avatar\/0cd5fd79eed2253e76fa1bf7f5e5085530a59bbed24c7bc008c281691732a331?s=96&d=mm&r=g","contentUrl":"https:\/\/secure.gravatar.com\/avatar\/0cd5fd79eed2253e76fa1bf7f5e5085530a59bbed24c7bc008c281691732a331?s=96&d=mm&r=g","caption":"WPAguaribayAdm"},"url":"https:\/\/aguaribay.edu.ar\/escuela\/author\/c1382346\/"}]}},"_links":{"self":[{"href":"https:\/\/aguaribay.edu.ar\/escuela\/wp-json\/wp\/v2\/posts\/751","targetHints":{"allow":["GET"]}}],"collection":[{"href":"https:\/\/aguaribay.edu.ar\/escuela\/wp-json\/wp\/v2\/posts"}],"about":[{"href":"https:\/\/aguaribay.edu.ar\/escuela\/wp-json\/wp\/v2\/types\/post"}],"author":[{"embeddable":true,"href":"https:\/\/aguaribay.edu.ar\/escuela\/wp-json\/wp\/v2\/users\/2"}],"replies":[{"embeddable":true,"href":"https:\/\/aguaribay.edu.ar\/escuela\/wp-json\/wp\/v2\/comments?post=751"}],"version-history":[{"count":37,"href":"https:\/\/aguaribay.edu.ar\/escuela\/wp-json\/wp\/v2\/posts\/751\/revisions"}],"predecessor-version":[{"id":980,"href":"https:\/\/aguaribay.edu.ar\/escuela\/wp-json\/wp\/v2\/posts\/751\/revisions\/980"}],"wp:featuredmedia":[{"embeddable":true,"href":"https:\/\/aguaribay.edu.ar\/escuela\/wp-json\/wp\/v2\/media\/752"}],"wp:attachment":[{"href":"https:\/\/aguaribay.edu.ar\/escuela\/wp-json\/wp\/v2\/media?parent=751"}],"wp:term":[{"taxonomy":"category","embeddable":true,"href":"https:\/\/aguaribay.edu.ar\/escuela\/wp-json\/wp\/v2\/categories?post=751"},{"taxonomy":"post_tag","embeddable":true,"href":"https:\/\/aguaribay.edu.ar\/escuela\/wp-json\/wp\/v2\/tags?post=751"}],"curies":[{"name":"wp","href":"https:\/\/api.w.org\/{rel}","templated":true}]}}